{"id":4450,"date":"2026-02-14T10:00:13","date_gmt":"2026-02-14T08:00:13","guid":{"rendered":"https:\/\/zandvoortsmuseum.nl\/?p=4450"},"modified":"2026-02-10T10:00:13","modified_gmt":"2026-02-10T08:00:13","slug":"zandvoort-200-jahre-seebad","status":"publish","type":"post","link":"https:\/\/zandvoortsmuseum.nl\/de\/2026\/02\/14\/zandvoort-200-jahre-seebad\/","title":{"rendered":"Zandvoort: 200 Jahre Seebad"},"content":{"rendered":"<h1>200 Jahre Seebad im Zandvoorts Museum<\/h1>\n<p>Dieses Jahr ist ein Jubil\u00e4umsjahr f\u00fcr Zandvoort. In diesem Jahr feiert Zandvoort sein 200-j\u00e4hriges Bestehen als Seebad. Dies wird in Zandvoort gro\u00df gefeiert. Das Zandvoorts Museum hat ein volles Programm f\u00fcr dieses Jubil\u00e4umsjahr. Unsere Dauerausstellung &#8216;The Life of Memories&#8217; zeigt die gesamte Geschichte vom Fischerdorf zum Seebad. Die Ausstellung wird durch den 360-Grad-Film &#8216;Panorama Zandvoort&#8217; erg\u00e4nzt. Aber speziell f\u00fcr dieses Jubil\u00e4umsjahr haben wir neue Ausstellungen, Lesungen und Workshops in petto.      <\/p>\n<h2>Spotlight<\/h2>\n<figure id=\"attachment_4229\" aria-describedby=\"caption-attachment-4229\" style=\"width: 1386px\" class=\"wp-caption alignnone\"><img fetchpriority=\"high\" decoding=\"async\" class=\"size-full wp-image-4229\" src=\"https:\/\/zandvoortsmuseum.nl\/wp-content\/uploads\/2025\/12\/Fritz-Mock-Strand-Zandvoort-1913.jpg\" alt=\"Fritz Mock Strand Zandvoort\" width=\"1386\" height=\"975\" srcset=\"https:\/\/zandvoortsmuseum.nl\/wp-content\/uploads\/2025\/12\/Fritz-Mock-Strand-Zandvoort-1913.jpg 1386w, https:\/\/zandvoortsmuseum.nl\/wp-content\/uploads\/2025\/12\/Fritz-Mock-Strand-Zandvoort-1913-300x211.jpg 300w, https:\/\/zandvoortsmuseum.nl\/wp-content\/uploads\/2025\/12\/Fritz-Mock-Strand-Zandvoort-1913-1024x720.jpg 1024w, https:\/\/zandvoortsmuseum.nl\/wp-content\/uploads\/2025\/12\/Fritz-Mock-Strand-Zandvoort-1913-768x540.jpg 768w\" sizes=\"(max-width: 1386px) 100vw, 1386px\" \/><figcaption id=\"caption-attachment-4229\" class=\"wp-caption-text\">Fritz Mock Strand Zandvoort<\/figcaption><\/figure>\n<p class=\"p1\">In der Spotlight-Vitrine steht immer eine besondere Neuerwerbung oder ein Objekt mit einer speziellen Geschichte im Mittelpunkt. Das Zandvoorts Museum hat dieses besondere Aquarell \u2018Strand Zandvoort\u2019 (1913) des deutsch-schweizerischen K\u00fcnstlers Fritz Mock angekauft. Es ist eine Momentaufnahme des Strandes mit einem Rettungsboot und spielenden Kindern im Vordergrund. Das Kunstwerk wird das ganze Jahr \u00fcber zu sehen sein.   <\/p>\n<h2>Buchpr\u00e4sentation<\/h2>\n<p><img decoding=\"async\" class=\"alignnone size-full wp-image-4299\" src=\"https:\/\/zandvoortsmuseum.nl\/wp-content\/uploads\/2026\/01\/En-Zandvoorts-heilig-strand-is-mijn-togt-het-doel-cover-HoghRes.jpg\" alt=\"En Zandvoorts Heilig Strand Is Mijn Togt Het Doel Cover HoghRes\" width=\"2480\" height=\"2480\" srcset=\"https:\/\/zandvoortsmuseum.nl\/wp-content\/uploads\/2026\/01\/En-Zandvoorts-heilig-strand-is-mijn-togt-het-doel-cover-HoghRes.jpg 2480w, https:\/\/zandvoortsmuseum.nl\/wp-content\/uploads\/2026\/01\/En-Zandvoorts-heilig-strand-is-mijn-togt-het-doel-cover-HoghRes-300x300.jpg 300w, https:\/\/zandvoortsmuseum.nl\/wp-content\/uploads\/2026\/01\/En-Zandvoorts-heilig-strand-is-mijn-togt-het-doel-cover-HoghRes-1024x1024.jpg 1024w, https:\/\/zandvoortsmuseum.nl\/wp-content\/uploads\/2026\/01\/En-Zandvoorts-heilig-strand-is-mijn-togt-het-doel-cover-HoghRes-150x150.jpg 150w, https:\/\/zandvoortsmuseum.nl\/wp-content\/uploads\/2026\/01\/En-Zandvoorts-heilig-strand-is-mijn-togt-het-doel-cover-HoghRes-768x768.jpg 768w, https:\/\/zandvoortsmuseum.nl\/wp-content\/uploads\/2026\/01\/En-Zandvoorts-heilig-strand-is-mijn-togt-het-doel-cover-HoghRes-1536x1536.jpg 1536w, https:\/\/zandvoortsmuseum.nl\/wp-content\/uploads\/2026\/01\/En-Zandvoorts-heilig-strand-is-mijn-togt-het-doel-cover-HoghRes-2048x2048.jpg 2048w\" sizes=\"(max-width: 2480px) 100vw, 2480px\" \/><\/p>\n<p>Am 30. Januar fand die Buchpr\u00e4sentation des Buches <em>En Zandvoorts heilig strand is van mijn\u2019togt het doel\u2019<\/em> von Koen Marijt <i>statt.<\/i> Das Buch liegt dem Jubil\u00e4umsjahr <em>Zandvoort 200 Jahre Seebad<\/em> zugrunde. Das Buch zeigt auf eindrucksvolle Weise die Entstehungsgeschichte. Das Buch ist exklusiv im Museumsshop erh\u00e4ltlich.  <\/p>\n<h3>Ausstellung Der Weg nach Zandvoort<\/h3>\n<p>(28. M\u00e4rz &#8211; 6. September)<\/p>\n<figure id=\"attachment_4349\" aria-describedby=\"caption-attachment-4349\" style=\"width: 1920px\" class=\"wp-caption alignnone\"><img decoding=\"async\" class=\"size-full wp-image-4349\" src=\"https:\/\/zandvoortsmuseum.nl\/wp-content\/uploads\/2026\/01\/Illustratie-Aanleg-Hogeweg-Zandvoort-1826-Stefan-de-Groot.jpg\" alt=\"Illustration Aanleg Hogeweg Zandvoort 1826 Stefan De Groot\" width=\"1920\" height=\"1358\" srcset=\"https:\/\/zandvoortsmuseum.nl\/wp-content\/uploads\/2026\/01\/Illustratie-Aanleg-Hogeweg-Zandvoort-1826-Stefan-de-Groot.jpg 1920w, https:\/\/zandvoortsmuseum.nl\/wp-content\/uploads\/2026\/01\/Illustratie-Aanleg-Hogeweg-Zandvoort-1826-Stefan-de-Groot-300x212.jpg 300w, https:\/\/zandvoortsmuseum.nl\/wp-content\/uploads\/2026\/01\/Illustratie-Aanleg-Hogeweg-Zandvoort-1826-Stefan-de-Groot-1024x724.jpg 1024w, https:\/\/zandvoortsmuseum.nl\/wp-content\/uploads\/2026\/01\/Illustratie-Aanleg-Hogeweg-Zandvoort-1826-Stefan-de-Groot-768x543.jpg 768w, https:\/\/zandvoortsmuseum.nl\/wp-content\/uploads\/2026\/01\/Illustratie-Aanleg-Hogeweg-Zandvoort-1826-Stefan-de-Groot-1536x1086.jpg 1536w\" sizes=\"(max-width: 1920px) 100vw, 1920px\" \/><figcaption id=\"caption-attachment-4349\" class=\"wp-caption-text\">Illustration Aanleg Hogeweg Zandvoort 1826 Stefan de Groot<\/figcaption><\/figure>\n<p>In der Ausstellung stehen der Bau der Stra\u00dfe nach Zandvoort und der Bau des Groot-Badhuis im Jahr 1826 im Mittelpunkt. Das Buch <em>En Zandvoorts heilig strand is van mijn\u2019togt het doel\u2019<\/em> bildet die Grundlage f\u00fcr diese Ausstellung, in der einzigartige Originaldokumente, Zeichnungen und Objekte zu sehen sind. Es gibt einen besonderen Einblick in die Entstehungsgeschichte von Zandvoort als Seebad.  <\/p>\n<p>Zu sehen vom 28. M\u00e4rz bis zum 6. September 2026.<\/p>\n<h3><\/h3>\n<p>&nbsp;<\/p>\n<p>&nbsp;<\/p>\n<p>&nbsp;<\/p>\n<p>&nbsp;<\/p>\n<p>&nbsp;<\/p>\n","protected":false},"excerpt":{"rendered":"<p>200 Jahre Seebad im Zandvoorts Museum Dieses Jahr ist ein Jubil\u00e4umsjahr f\u00fcr Zandvoort. In diesem Jahr feiert Zandvoort sein 200-j\u00e4hriges Bestehen als Seebad. Dies wird in Zandvoort gro\u00df gefeiert. Das Zandvoorts Museum hat ein volles Programm f\u00fcr dieses Jubil\u00e4umsjahr. Unsere Dauerausstellung &#8216;The Life of Memories&#8217; zeigt die gesamte Geschichte vom Fischerdorf zum Seebad. Die Ausstellung [&hellip;]<\/p>\n","protected":false},"author":6,"featured_media":4451,"comment_status":"closed","ping_status":"closed","sticky":false,"template":"","format":"standard","meta":{"_acf_changed":false,"inline_featured_image":false,"footnotes":""},"categories":[102],"tags":[103],"class_list":["post-4450","post","type-post","status-publish","format-standard","has-post-thumbnail","hentry","category-nachrichten","tag-200-jahre-seebad"],"acf":[],"yoast_head":"<!-- This site is optimized with the Yoast SEO plugin v27.3 - https:\/\/yoast.com\/product\/yoast-seo-wordpress\/ -->\n<title>Zandvoort: 200 Jahre Seebad - Zandvoorts Museum<\/title>\n<meta name=\"description\" content=\"In diesem Jahr feiert Zandvoort sein 200-j\u00e4hriges Bestehen als Seebad. Das Zandvoorts Museum bietet mehrere Ausstellungen und Aktivit\u00e4ten, um dies zu feiern.\" \/>\n<meta name=\"robots\" content=\"index, follow, max-snippet:-1, max-image-preview:large, max-video-preview:-1\" \/>\n<link rel=\"canonical\" href=\"https:\/\/zandvoortsmuseum.nl\/de\/2026\/02\/14\/zandvoort-200-jahre-seebad\/\" \/>\n<meta property=\"og:locale\" content=\"de_DE\" \/>\n<meta property=\"og:type\" content=\"article\" \/>\n<meta property=\"og:title\" content=\"Zandvoort: 200 Jahre Seebad - Zandvoorts Museum\" \/>\n<meta property=\"og:description\" content=\"In diesem Jahr feiert Zandvoort sein 200-j\u00e4hriges Bestehen als Seebad. Das Zandvoorts Museum bietet mehrere Ausstellungen und Aktivit\u00e4ten, um dies zu feiern.\" \/>\n<meta property=\"og:url\" content=\"https:\/\/zandvoortsmuseum.nl\/de\/2026\/02\/14\/zandvoort-200-jahre-seebad\/\" \/>\n<meta property=\"og:site_name\" content=\"Zandvoorts Museum\" \/>\n<meta property=\"article:publisher\" content=\"https:\/\/www.facebook.com\/MuseumZandvoort\" \/>\n<meta property=\"article:published_time\" content=\"2026-02-14T08:00:13+00:00\" \/>\n<meta property=\"og:image\" content=\"https:\/\/zandvoortsmuseum.nl\/wp-content\/uploads\/2026\/01\/Zandvoorts-Museum-Zandvoort-200-jaar-badplaats.jpg\" \/>\n\t<meta property=\"og:image:width\" content=\"1920\" \/>\n\t<meta property=\"og:image:height\" content=\"520\" \/>\n\t<meta property=\"og:image:type\" content=\"image\/jpeg\" \/>\n<meta name=\"author\" content=\"marketing\" \/>\n<meta name=\"twitter:card\" content=\"summary_large_image\" \/>\n<meta name=\"twitter:label1\" content=\"Verfasst von\" \/>\n\t<meta name=\"twitter:data1\" content=\"marketing\" \/>\n\t<meta name=\"twitter:label2\" content=\"Gesch\u00e4tzte Lesezeit\" \/>\n\t<meta name=\"twitter:data2\" content=\"1\u00a0Minute\" \/>\n<script type=\"application\/ld+json\" class=\"yoast-schema-graph\">{\"@context\":\"https:\\\/\\\/schema.org\",\"@graph\":[{\"@type\":\"Article\",\"@id\":\"https:\\\/\\\/zandvoortsmuseum.nl\\\/de\\\/2026\\\/02\\\/14\\\/zandvoort-200-jahre-seebad\\\/#article\",\"isPartOf\":{\"@id\":\"https:\\\/\\\/zandvoortsmuseum.nl\\\/de\\\/2026\\\/02\\\/14\\\/zandvoort-200-jahre-seebad\\\/\"},\"author\":{\"name\":\"marketing\",\"@id\":\"https:\\\/\\\/zandvoortsmuseum.nl\\\/de\\\/#\\\/schema\\\/person\\\/97f3ec5c255747da82629fb0f67d5342\"},\"headline\":\"Zandvoort: 200 Jahre Seebad\",\"datePublished\":\"2026-02-14T08:00:13+00:00\",\"mainEntityOfPage\":{\"@id\":\"https:\\\/\\\/zandvoortsmuseum.nl\\\/de\\\/2026\\\/02\\\/14\\\/zandvoort-200-jahre-seebad\\\/\"},\"wordCount\":302,\"publisher\":{\"@id\":\"https:\\\/\\\/zandvoortsmuseum.nl\\\/de\\\/#organization\"},\"image\":{\"@id\":\"https:\\\/\\\/zandvoortsmuseum.nl\\\/de\\\/2026\\\/02\\\/14\\\/zandvoort-200-jahre-seebad\\\/#primaryimage\"},\"thumbnailUrl\":\"https:\\\/\\\/zandvoortsmuseum.nl\\\/wp-content\\\/uploads\\\/2026\\\/01\\\/Zandvoorts-Museum-Zandvoort-200-jaar-badplaats.jpg\",\"keywords\":[\"200 Jahre Seebad\"],\"articleSection\":[\"Nachrichten\"],\"inLanguage\":\"de\"},{\"@type\":\"WebPage\",\"@id\":\"https:\\\/\\\/zandvoortsmuseum.nl\\\/de\\\/2026\\\/02\\\/14\\\/zandvoort-200-jahre-seebad\\\/\",\"url\":\"https:\\\/\\\/zandvoortsmuseum.nl\\\/de\\\/2026\\\/02\\\/14\\\/zandvoort-200-jahre-seebad\\\/\",\"name\":\"Zandvoort: 200 Jahre Seebad - Zandvoorts Museum\",\"isPartOf\":{\"@id\":\"https:\\\/\\\/zandvoortsmuseum.nl\\\/de\\\/#website\"},\"primaryImageOfPage\":{\"@id\":\"https:\\\/\\\/zandvoortsmuseum.nl\\\/de\\\/2026\\\/02\\\/14\\\/zandvoort-200-jahre-seebad\\\/#primaryimage\"},\"image\":{\"@id\":\"https:\\\/\\\/zandvoortsmuseum.nl\\\/de\\\/2026\\\/02\\\/14\\\/zandvoort-200-jahre-seebad\\\/#primaryimage\"},\"thumbnailUrl\":\"https:\\\/\\\/zandvoortsmuseum.nl\\\/wp-content\\\/uploads\\\/2026\\\/01\\\/Zandvoorts-Museum-Zandvoort-200-jaar-badplaats.jpg\",\"datePublished\":\"2026-02-14T08:00:13+00:00\",\"description\":\"In diesem Jahr feiert Zandvoort sein 200-j\u00e4hriges Bestehen als Seebad. Das Zandvoorts Museum bietet mehrere Ausstellungen und Aktivit\u00e4ten, um dies zu feiern.\",\"breadcrumb\":{\"@id\":\"https:\\\/\\\/zandvoortsmuseum.nl\\\/de\\\/2026\\\/02\\\/14\\\/zandvoort-200-jahre-seebad\\\/#breadcrumb\"},\"inLanguage\":\"de\",\"potentialAction\":[{\"@type\":\"ReadAction\",\"target\":[\"https:\\\/\\\/zandvoortsmuseum.nl\\\/de\\\/2026\\\/02\\\/14\\\/zandvoort-200-jahre-seebad\\\/\"]}]},{\"@type\":\"ImageObject\",\"inLanguage\":\"de\",\"@id\":\"https:\\\/\\\/zandvoortsmuseum.nl\\\/de\\\/2026\\\/02\\\/14\\\/zandvoort-200-jahre-seebad\\\/#primaryimage\",\"url\":\"https:\\\/\\\/zandvoortsmuseum.nl\\\/wp-content\\\/uploads\\\/2026\\\/01\\\/Zandvoorts-Museum-Zandvoort-200-jaar-badplaats.jpg\",\"contentUrl\":\"https:\\\/\\\/zandvoortsmuseum.nl\\\/wp-content\\\/uploads\\\/2026\\\/01\\\/Zandvoorts-Museum-Zandvoort-200-jaar-badplaats.jpg\",\"width\":1920,\"height\":520,\"caption\":\"Zandvoorts Museum Zandvoort 200 Jahre Seebad\"},{\"@type\":\"BreadcrumbList\",\"@id\":\"https:\\\/\\\/zandvoortsmuseum.nl\\\/de\\\/2026\\\/02\\\/14\\\/zandvoort-200-jahre-seebad\\\/#breadcrumb\",\"itemListElement\":[{\"@type\":\"ListItem\",\"position\":1,\"name\":\"Home\",\"item\":\"https:\\\/\\\/zandvoortsmuseum.nl\\\/de\\\/\"},{\"@type\":\"ListItem\",\"position\":2,\"name\":\"Zandvoort: 200 Jahre Seebad\"}]},{\"@type\":\"WebSite\",\"@id\":\"https:\\\/\\\/zandvoortsmuseum.nl\\\/de\\\/#website\",\"url\":\"https:\\\/\\\/zandvoortsmuseum.nl\\\/de\\\/\",\"name\":\"Zandvoorts Museum\",\"description\":\"H\u00e9t centrum voor kunst en geschiedenis in Zandvoort.\",\"publisher\":{\"@id\":\"https:\\\/\\\/zandvoortsmuseum.nl\\\/de\\\/#organization\"},\"alternateName\":\"H\u00e9t centrum voor kunst en geschiedenis in Zandvoort\",\"potentialAction\":[{\"@type\":\"SearchAction\",\"target\":{\"@type\":\"EntryPoint\",\"urlTemplate\":\"https:\\\/\\\/zandvoortsmuseum.nl\\\/de\\\/?s={search_term_string}\"},\"query-input\":{\"@type\":\"PropertyValueSpecification\",\"valueRequired\":true,\"valueName\":\"search_term_string\"}}],\"inLanguage\":\"de\"},{\"@type\":\"Organization\",\"@id\":\"https:\\\/\\\/zandvoortsmuseum.nl\\\/de\\\/#organization\",\"name\":\"Zandvoorts Museum\",\"url\":\"https:\\\/\\\/zandvoortsmuseum.nl\\\/de\\\/\",\"logo\":{\"@type\":\"ImageObject\",\"inLanguage\":\"de\",\"@id\":\"https:\\\/\\\/zandvoortsmuseum.nl\\\/de\\\/#\\\/schema\\\/logo\\\/image\\\/\",\"url\":\"https:\\\/\\\/zandvoortsmuseum.nl\\\/wp-content\\\/uploads\\\/2025\\\/08\\\/Zandvoorts-Museum-Logo-zw-min.svg\",\"contentUrl\":\"https:\\\/\\\/zandvoortsmuseum.nl\\\/wp-content\\\/uploads\\\/2025\\\/08\\\/Zandvoorts-Museum-Logo-zw-min.svg\",\"width\":1847,\"height\":412,\"caption\":\"Zandvoorts Museum\"},\"image\":{\"@id\":\"https:\\\/\\\/zandvoortsmuseum.nl\\\/de\\\/#\\\/schema\\\/logo\\\/image\\\/\"},\"sameAs\":[\"https:\\\/\\\/www.facebook.com\\\/MuseumZandvoort\",\"https:\\\/\\\/www.instagram.com\\\/zandvoortsmuseum\\\/\"]},{\"@type\":\"Person\",\"@id\":\"https:\\\/\\\/zandvoortsmuseum.nl\\\/de\\\/#\\\/schema\\\/person\\\/97f3ec5c255747da82629fb0f67d5342\",\"name\":\"marketing\",\"image\":{\"@type\":\"ImageObject\",\"inLanguage\":\"de\",\"@id\":\"https:\\\/\\\/secure.gravatar.com\\\/avatar\\\/62f77f5dd9781161b554332fbd7727c692636cd06ba2ead865ee2a6602c737e0?s=96&r=g\",\"url\":\"https:\\\/\\\/secure.gravatar.com\\\/avatar\\\/62f77f5dd9781161b554332fbd7727c692636cd06ba2ead865ee2a6602c737e0?s=96&r=g\",\"contentUrl\":\"https:\\\/\\\/secure.gravatar.com\\\/avatar\\\/62f77f5dd9781161b554332fbd7727c692636cd06ba2ead865ee2a6602c737e0?s=96&r=g\",\"caption\":\"marketing\"}}]}<\/script>\n<!-- \/ Yoast SEO plugin. -->","yoast_head_json":{"title":"Zandvoort: 200 Jahre Seebad - Zandvoorts Museum","description":"In diesem Jahr feiert Zandvoort sein 200-j\u00e4hriges Bestehen als Seebad. Das Zandvoorts Museum bietet mehrere Ausstellungen und Aktivit\u00e4ten, um dies zu feiern.","robots":{"index":"index","follow":"follow","max-snippet":"max-snippet:-1","max-image-preview":"max-image-preview:large","max-video-preview":"max-video-preview:-1"},"canonical":"https:\/\/zandvoortsmuseum.nl\/de\/2026\/02\/14\/zandvoort-200-jahre-seebad\/","og_locale":"de_DE","og_type":"article","og_title":"Zandvoort: 200 Jahre Seebad - Zandvoorts Museum","og_description":"In diesem Jahr feiert Zandvoort sein 200-j\u00e4hriges Bestehen als Seebad. Das Zandvoorts Museum bietet mehrere Ausstellungen und Aktivit\u00e4ten, um dies zu feiern.","og_url":"https:\/\/zandvoortsmuseum.nl\/de\/2026\/02\/14\/zandvoort-200-jahre-seebad\/","og_site_name":"Zandvoorts Museum","article_publisher":"https:\/\/www.facebook.com\/MuseumZandvoort","article_published_time":"2026-02-14T08:00:13+00:00","og_image":[{"width":1920,"height":520,"url":"https:\/\/zandvoortsmuseum.nl\/wp-content\/uploads\/2026\/01\/Zandvoorts-Museum-Zandvoort-200-jaar-badplaats.jpg","type":"image\/jpeg"}],"author":"marketing","twitter_card":"summary_large_image","twitter_misc":{"Verfasst von":"marketing","Gesch\u00e4tzte Lesezeit":"1\u00a0Minute"},"schema":{"@context":"https:\/\/schema.org","@graph":[{"@type":"Article","@id":"https:\/\/zandvoortsmuseum.nl\/de\/2026\/02\/14\/zandvoort-200-jahre-seebad\/#article","isPartOf":{"@id":"https:\/\/zandvoortsmuseum.nl\/de\/2026\/02\/14\/zandvoort-200-jahre-seebad\/"},"author":{"name":"marketing","@id":"https:\/\/zandvoortsmuseum.nl\/de\/#\/schema\/person\/97f3ec5c255747da82629fb0f67d5342"},"headline":"Zandvoort: 200 Jahre Seebad","datePublished":"2026-02-14T08:00:13+00:00","mainEntityOfPage":{"@id":"https:\/\/zandvoortsmuseum.nl\/de\/2026\/02\/14\/zandvoort-200-jahre-seebad\/"},"wordCount":302,"publisher":{"@id":"https:\/\/zandvoortsmuseum.nl\/de\/#organization"},"image":{"@id":"https:\/\/zandvoortsmuseum.nl\/de\/2026\/02\/14\/zandvoort-200-jahre-seebad\/#primaryimage"},"thumbnailUrl":"https:\/\/zandvoortsmuseum.nl\/wp-content\/uploads\/2026\/01\/Zandvoorts-Museum-Zandvoort-200-jaar-badplaats.jpg","keywords":["200 Jahre Seebad"],"articleSection":["Nachrichten"],"inLanguage":"de"},{"@type":"WebPage","@id":"https:\/\/zandvoortsmuseum.nl\/de\/2026\/02\/14\/zandvoort-200-jahre-seebad\/","url":"https:\/\/zandvoortsmuseum.nl\/de\/2026\/02\/14\/zandvoort-200-jahre-seebad\/","name":"Zandvoort: 200 Jahre Seebad - Zandvoorts Museum","isPartOf":{"@id":"https:\/\/zandvoortsmuseum.nl\/de\/#website"},"primaryImageOfPage":{"@id":"https:\/\/zandvoortsmuseum.nl\/de\/2026\/02\/14\/zandvoort-200-jahre-seebad\/#primaryimage"},"image":{"@id":"https:\/\/zandvoortsmuseum.nl\/de\/2026\/02\/14\/zandvoort-200-jahre-seebad\/#primaryimage"},"thumbnailUrl":"https:\/\/zandvoortsmuseum.nl\/wp-content\/uploads\/2026\/01\/Zandvoorts-Museum-Zandvoort-200-jaar-badplaats.jpg","datePublished":"2026-02-14T08:00:13+00:00","description":"In diesem Jahr feiert Zandvoort sein 200-j\u00e4hriges Bestehen als Seebad. Das Zandvoorts Museum bietet mehrere Ausstellungen und Aktivit\u00e4ten, um dies zu feiern.","breadcrumb":{"@id":"https:\/\/zandvoortsmuseum.nl\/de\/2026\/02\/14\/zandvoort-200-jahre-seebad\/#breadcrumb"},"inLanguage":"de","potentialAction":[{"@type":"ReadAction","target":["https:\/\/zandvoortsmuseum.nl\/de\/2026\/02\/14\/zandvoort-200-jahre-seebad\/"]}]},{"@type":"ImageObject","inLanguage":"de","@id":"https:\/\/zandvoortsmuseum.nl\/de\/2026\/02\/14\/zandvoort-200-jahre-seebad\/#primaryimage","url":"https:\/\/zandvoortsmuseum.nl\/wp-content\/uploads\/2026\/01\/Zandvoorts-Museum-Zandvoort-200-jaar-badplaats.jpg","contentUrl":"https:\/\/zandvoortsmuseum.nl\/wp-content\/uploads\/2026\/01\/Zandvoorts-Museum-Zandvoort-200-jaar-badplaats.jpg","width":1920,"height":520,"caption":"Zandvoorts Museum Zandvoort 200 Jahre Seebad"},{"@type":"BreadcrumbList","@id":"https:\/\/zandvoortsmuseum.nl\/de\/2026\/02\/14\/zandvoort-200-jahre-seebad\/#breadcrumb","itemListElement":[{"@type":"ListItem","position":1,"name":"Home","item":"https:\/\/zandvoortsmuseum.nl\/de\/"},{"@type":"ListItem","position":2,"name":"Zandvoort: 200 Jahre Seebad"}]},{"@type":"WebSite","@id":"https:\/\/zandvoortsmuseum.nl\/de\/#website","url":"https:\/\/zandvoortsmuseum.nl\/de\/","name":"Zandvoorts Museum","description":"H\u00e9t centrum voor kunst en geschiedenis in Zandvoort.","publisher":{"@id":"https:\/\/zandvoortsmuseum.nl\/de\/#organization"},"alternateName":"H\u00e9t centrum voor kunst en geschiedenis in Zandvoort","potentialAction":[{"@type":"SearchAction","target":{"@type":"EntryPoint","urlTemplate":"https:\/\/zandvoortsmuseum.nl\/de\/?s={search_term_string}"},"query-input":{"@type":"PropertyValueSpecification","valueRequired":true,"valueName":"search_term_string"}}],"inLanguage":"de"},{"@type":"Organization","@id":"https:\/\/zandvoortsmuseum.nl\/de\/#organization","name":"Zandvoorts Museum","url":"https:\/\/zandvoortsmuseum.nl\/de\/","logo":{"@type":"ImageObject","inLanguage":"de","@id":"https:\/\/zandvoortsmuseum.nl\/de\/#\/schema\/logo\/image\/","url":"https:\/\/zandvoortsmuseum.nl\/wp-content\/uploads\/2025\/08\/Zandvoorts-Museum-Logo-zw-min.svg","contentUrl":"https:\/\/zandvoortsmuseum.nl\/wp-content\/uploads\/2025\/08\/Zandvoorts-Museum-Logo-zw-min.svg","width":1847,"height":412,"caption":"Zandvoorts Museum"},"image":{"@id":"https:\/\/zandvoortsmuseum.nl\/de\/#\/schema\/logo\/image\/"},"sameAs":["https:\/\/www.facebook.com\/MuseumZandvoort","https:\/\/www.instagram.com\/zandvoortsmuseum\/"]},{"@type":"Person","@id":"https:\/\/zandvoortsmuseum.nl\/de\/#\/schema\/person\/97f3ec5c255747da82629fb0f67d5342","name":"marketing","image":{"@type":"ImageObject","inLanguage":"de","@id":"https:\/\/secure.gravatar.com\/avatar\/62f77f5dd9781161b554332fbd7727c692636cd06ba2ead865ee2a6602c737e0?s=96&r=g","url":"https:\/\/secure.gravatar.com\/avatar\/62f77f5dd9781161b554332fbd7727c692636cd06ba2ead865ee2a6602c737e0?s=96&r=g","contentUrl":"https:\/\/secure.gravatar.com\/avatar\/62f77f5dd9781161b554332fbd7727c692636cd06ba2ead865ee2a6602c737e0?s=96&r=g","caption":"marketing"}}]}},"_links":{"self":[{"href":"https:\/\/zandvoortsmuseum.nl\/de\/wp-json\/wp\/v2\/posts\/4450","targetHints":{"allow":["GET"]}}],"collection":[{"href":"https:\/\/zandvoortsmuseum.nl\/de\/wp-json\/wp\/v2\/posts"}],"about":[{"href":"https:\/\/zandvoortsmuseum.nl\/de\/wp-json\/wp\/v2\/types\/post"}],"author":[{"embeddable":true,"href":"https:\/\/zandvoortsmuseum.nl\/de\/wp-json\/wp\/v2\/users\/6"}],"replies":[{"embeddable":true,"href":"https:\/\/zandvoortsmuseum.nl\/de\/wp-json\/wp\/v2\/comments?post=4450"}],"version-history":[{"count":1,"href":"https:\/\/zandvoortsmuseum.nl\/de\/wp-json\/wp\/v2\/posts\/4450\/revisions"}],"predecessor-version":[{"id":5386,"href":"https:\/\/zandvoortsmuseum.nl\/de\/wp-json\/wp\/v2\/posts\/4450\/revisions\/5386"}],"wp:featuredmedia":[{"embeddable":true,"href":"https:\/\/zandvoortsmuseum.nl\/de\/wp-json\/wp\/v2\/media\/4451"}],"wp:attachment":[{"href":"https:\/\/zandvoortsmuseum.nl\/de\/wp-json\/wp\/v2\/media?parent=4450"}],"wp:term":[{"taxonomy":"category","embeddable":true,"href":"https:\/\/zandvoortsmuseum.nl\/de\/wp-json\/wp\/v2\/categories?post=4450"},{"taxonomy":"post_tag","embeddable":true,"href":"https:\/\/zandvoortsmuseum.nl\/de\/wp-json\/wp\/v2\/tags?post=4450"}],"curies":[{"name":"wp","href":"https:\/\/api.w.org\/{rel}","templated":true}]}}