{"id":4452,"date":"2025-12-24T02:52:33","date_gmt":"2025-12-24T00:52:33","guid":{"rendered":"https:\/\/zandvoortsmuseum.nl\/2025\/12\/24\/frohe-festtage\/"},"modified":"2025-12-24T02:52:33","modified_gmt":"2025-12-24T00:52:33","slug":"frohe-festtage","status":"publish","type":"post","link":"https:\/\/zandvoortsmuseum.nl\/de\/2025\/12\/24\/frohe-festtage\/","title":{"rendered":"Frohe Festtage!"},"content":{"rendered":"<figure id=\"attachment_4239\" aria-describedby=\"caption-attachment-4239\" style=\"width: 1014px\" class=\"wp-caption alignnone\"><img fetchpriority=\"high\" decoding=\"async\" class=\"size-full wp-image-4239\" src=\"https:\/\/zandvoortsmuseum.nl\/wp-content\/uploads\/2025\/12\/Cornelis-Springer-Figuren-op-het-Kerkpad-te-Zandvoort-in-de-winter-1883.jpg\" alt=\"{%ALT_TEXT%}\" width=\"1014\" height=\"1394\" srcset=\"https:\/\/zandvoortsmuseum.nl\/wp-content\/uploads\/2025\/12\/Cornelis-Springer-Figuren-op-het-Kerkpad-te-Zandvoort-in-de-winter-1883.jpg 1014w, https:\/\/zandvoortsmuseum.nl\/wp-content\/uploads\/2025\/12\/Cornelis-Springer-Figuren-op-het-Kerkpad-te-Zandvoort-in-de-winter-1883-218x300.jpg 218w, https:\/\/zandvoortsmuseum.nl\/wp-content\/uploads\/2025\/12\/Cornelis-Springer-Figuren-op-het-Kerkpad-te-Zandvoort-in-de-winter-1883-745x1024.jpg 745w, https:\/\/zandvoortsmuseum.nl\/wp-content\/uploads\/2025\/12\/Cornelis-Springer-Figuren-op-het-Kerkpad-te-Zandvoort-in-de-winter-1883-768x1056.jpg 768w\" sizes=\"(max-width: 1014px) 100vw, 1014px\" \/><figcaption id=\"caption-attachment-4239\" class=\"wp-caption-text\">\u201eFiguren auf dem Kirchpfad in Zandvoort im Winter\u201c Cornelis Springer, 1883<\/figcaption><\/figure>\n<p>Zum Jahresende und den bevorstehenden Feiertagen m\u00f6chten wir uns herzlich f\u00fcr Ihr Engagement und Ihren Besuch im Zandvoorts Museum bedanken. N\u00e4chstes Jahr j\u00e4hrt sich das Jubil\u00e4um <em>Zandvoort 200 Jahre Badeort<\/em>. Dieses Jubil\u00e4um zieht sich wie ein roter Faden durch unsere Programmgestaltung und gibt uns die M\u00f6glichkeit, gemeinsam auf zwei Jahrhunderte voller Geschichten, Besucher und besonderer Momente zur\u00fcckzublicken.<\/p>\n<p>Wir hoffen, Sie im neuen Jahr pers\u00f6nlich in unserem Museum begr\u00fc\u00dfen zu d\u00fcrfen und gemeinsam dieses festliche Jubil\u00e4umsjahr zu erleben. Wir w\u00fcnschen Ihnen warme und gem\u00fctliche Feiertage und ein inspirierendes und gesundes neues Jahr.<\/p>\n<p>Das Team vom Zandvoorts Museum<\/p>\n","protected":false},"excerpt":{"rendered":"<p>Zum Jahresende und den bevorstehenden Feiertagen m\u00f6chten wir uns herzlich f\u00fcr Ihr Engagement und Ihren Besuch im Zandvoorts Museum bedanken. N\u00e4chstes Jahr j\u00e4hrt sich das Jubil\u00e4um Zandvoort 200 Jahre Badeort. Dieses Jubil\u00e4um zieht sich wie ein roter Faden durch unsere Programmgestaltung und gibt uns die M\u00f6glichkeit, gemeinsam auf zwei Jahrhunderte voller Geschichten, Besucher und besonderer [&hellip;]<\/p>\n","protected":false},"author":6,"featured_media":4454,"comment_status":"closed","ping_status":"closed","sticky":false,"template":"","format":"standard","meta":{"_acf_changed":false,"inline_featured_image":false,"footnotes":""},"categories":[102],"tags":[103,107,106,105,104],"class_list":["post-4452","post","type-post","status-publish","format-standard","has-post-thumbnail","hentry","category-nachrichten","tag-200-jahre-seebad","tag-cornelis-springer","tag-neujahr","tag-weihnachten","tag-zandvoorts-museum"],"acf":[],"yoast_head":"<!-- This site is optimized with the Yoast SEO plugin v27.3 - https:\/\/yoast.com\/product\/yoast-seo-wordpress\/ -->\n<title>Frohe Festtage! - Zandvoorts Museum<\/title>\n<meta name=\"description\" content=\"Das Zandvoorts Museum w\u00fcnscht Ihnen frohe Festtage und ein inspirierendes und gesundes neues Jahr mit diesem Gem\u00e4lde von Cornels Springer.\" \/>\n<meta name=\"robots\" content=\"index, follow, max-snippet:-1, max-image-preview:large, max-video-preview:-1\" \/>\n<link rel=\"canonical\" href=\"https:\/\/zandvoortsmuseum.nl\/de\/2025\/12\/24\/frohe-festtage\/\" \/>\n<meta property=\"og:locale\" content=\"de_DE\" \/>\n<meta property=\"og:type\" content=\"article\" \/>\n<meta property=\"og:title\" content=\"Frohe Festtage! - Zandvoorts Museum\" \/>\n<meta property=\"og:description\" content=\"Das Zandvoorts Museum w\u00fcnscht Ihnen frohe Festtage und ein inspirierendes und gesundes neues Jahr mit diesem Gem\u00e4lde von Cornels Springer.\" \/>\n<meta property=\"og:url\" content=\"https:\/\/zandvoortsmuseum.nl\/de\/2025\/12\/24\/frohe-festtage\/\" \/>\n<meta property=\"og:site_name\" content=\"Zandvoorts Museum\" \/>\n<meta property=\"article:publisher\" content=\"https:\/\/www.facebook.com\/MuseumZandvoort\" \/>\n<meta property=\"article:published_time\" content=\"2025-12-24T00:52:33+00:00\" \/>\n<meta property=\"og:image\" content=\"https:\/\/zandvoortsmuseum.nl\/wp-content\/uploads\/2025\/12\/Cornelis-Springer-Figuren-op-het-Kerkpad-te-Zandvoort-in-de-winter-1883.jpg\" \/>\n\t<meta property=\"og:image:width\" content=\"1014\" \/>\n\t<meta property=\"og:image:height\" content=\"1394\" \/>\n\t<meta property=\"og:image:type\" content=\"image\/jpeg\" \/>\n<meta name=\"author\" content=\"marketing\" \/>\n<meta name=\"twitter:card\" content=\"summary_large_image\" \/>\n<meta name=\"twitter:label1\" content=\"Verfasst von\" \/>\n\t<meta name=\"twitter:data1\" content=\"marketing\" \/>\n\t<meta name=\"twitter:label2\" content=\"Gesch\u00e4tzte Lesezeit\" \/>\n\t<meta name=\"twitter:data2\" content=\"1\u00a0Minute\" \/>\n<script type=\"application\/ld+json\" class=\"yoast-schema-graph\">{\"@context\":\"https:\\\/\\\/schema.org\",\"@graph\":[{\"@type\":\"Article\",\"@id\":\"https:\\\/\\\/zandvoortsmuseum.nl\\\/de\\\/2025\\\/12\\\/24\\\/frohe-festtage\\\/#article\",\"isPartOf\":{\"@id\":\"https:\\\/\\\/zandvoortsmuseum.nl\\\/de\\\/2025\\\/12\\\/24\\\/frohe-festtage\\\/\"},\"author\":{\"name\":\"marketing\",\"@id\":\"https:\\\/\\\/zandvoortsmuseum.nl\\\/de\\\/#\\\/schema\\\/person\\\/97f3ec5c255747da82629fb0f67d5342\"},\"headline\":\"Frohe Festtage!\",\"datePublished\":\"2025-12-24T00:52:33+00:00\",\"mainEntityOfPage\":{\"@id\":\"https:\\\/\\\/zandvoortsmuseum.nl\\\/de\\\/2025\\\/12\\\/24\\\/frohe-festtage\\\/\"},\"wordCount\":128,\"publisher\":{\"@id\":\"https:\\\/\\\/zandvoortsmuseum.nl\\\/de\\\/#organization\"},\"image\":{\"@id\":\"https:\\\/\\\/zandvoortsmuseum.nl\\\/de\\\/2025\\\/12\\\/24\\\/frohe-festtage\\\/#primaryimage\"},\"thumbnailUrl\":\"https:\\\/\\\/zandvoortsmuseum.nl\\\/wp-content\\\/uploads\\\/2025\\\/12\\\/Cornelis-Springer-Figuren-op-het-Kerkpad-te-Zandvoort-in-de-winter-1883.jpg\",\"keywords\":[\"200 Jahre Seebad\",\"Cornelis Springer\",\"Neujahr\",\"Weihnachten\",\"Zandvoorts Museum\"],\"articleSection\":[\"Nachrichten\"],\"inLanguage\":\"de\"},{\"@type\":\"WebPage\",\"@id\":\"https:\\\/\\\/zandvoortsmuseum.nl\\\/de\\\/2025\\\/12\\\/24\\\/frohe-festtage\\\/\",\"url\":\"https:\\\/\\\/zandvoortsmuseum.nl\\\/de\\\/2025\\\/12\\\/24\\\/frohe-festtage\\\/\",\"name\":\"Frohe Festtage! - Zandvoorts Museum\",\"isPartOf\":{\"@id\":\"https:\\\/\\\/zandvoortsmuseum.nl\\\/de\\\/#website\"},\"primaryImageOfPage\":{\"@id\":\"https:\\\/\\\/zandvoortsmuseum.nl\\\/de\\\/2025\\\/12\\\/24\\\/frohe-festtage\\\/#primaryimage\"},\"image\":{\"@id\":\"https:\\\/\\\/zandvoortsmuseum.nl\\\/de\\\/2025\\\/12\\\/24\\\/frohe-festtage\\\/#primaryimage\"},\"thumbnailUrl\":\"https:\\\/\\\/zandvoortsmuseum.nl\\\/wp-content\\\/uploads\\\/2025\\\/12\\\/Cornelis-Springer-Figuren-op-het-Kerkpad-te-Zandvoort-in-de-winter-1883.jpg\",\"datePublished\":\"2025-12-24T00:52:33+00:00\",\"description\":\"Das Zandvoorts Museum w\u00fcnscht Ihnen frohe Festtage und ein inspirierendes und gesundes neues Jahr mit diesem Gem\u00e4lde von Cornels Springer.\",\"breadcrumb\":{\"@id\":\"https:\\\/\\\/zandvoortsmuseum.nl\\\/de\\\/2025\\\/12\\\/24\\\/frohe-festtage\\\/#breadcrumb\"},\"inLanguage\":\"de\",\"potentialAction\":[{\"@type\":\"ReadAction\",\"target\":[\"https:\\\/\\\/zandvoortsmuseum.nl\\\/de\\\/2025\\\/12\\\/24\\\/frohe-festtage\\\/\"]}]},{\"@type\":\"ImageObject\",\"inLanguage\":\"de\",\"@id\":\"https:\\\/\\\/zandvoortsmuseum.nl\\\/de\\\/2025\\\/12\\\/24\\\/frohe-festtage\\\/#primaryimage\",\"url\":\"https:\\\/\\\/zandvoortsmuseum.nl\\\/wp-content\\\/uploads\\\/2025\\\/12\\\/Cornelis-Springer-Figuren-op-het-Kerkpad-te-Zandvoort-in-de-winter-1883.jpg\",\"contentUrl\":\"https:\\\/\\\/zandvoortsmuseum.nl\\\/wp-content\\\/uploads\\\/2025\\\/12\\\/Cornelis-Springer-Figuren-op-het-Kerkpad-te-Zandvoort-in-de-winter-1883.jpg\",\"width\":1014,\"height\":1394,\"caption\":\"\u201eFiguren auf dem Kirchpfad in Zandvoort im Winter\u201c Cornelis Springer, 1883\"},{\"@type\":\"BreadcrumbList\",\"@id\":\"https:\\\/\\\/zandvoortsmuseum.nl\\\/de\\\/2025\\\/12\\\/24\\\/frohe-festtage\\\/#breadcrumb\",\"itemListElement\":[{\"@type\":\"ListItem\",\"position\":1,\"name\":\"Home\",\"item\":\"https:\\\/\\\/zandvoortsmuseum.nl\\\/de\\\/\"},{\"@type\":\"ListItem\",\"position\":2,\"name\":\"Frohe Festtage!\"}]},{\"@type\":\"WebSite\",\"@id\":\"https:\\\/\\\/zandvoortsmuseum.nl\\\/de\\\/#website\",\"url\":\"https:\\\/\\\/zandvoortsmuseum.nl\\\/de\\\/\",\"name\":\"Zandvoorts Museum\",\"description\":\"H\u00e9t centrum voor kunst en geschiedenis in Zandvoort.\",\"publisher\":{\"@id\":\"https:\\\/\\\/zandvoortsmuseum.nl\\\/de\\\/#organization\"},\"alternateName\":\"H\u00e9t centrum voor kunst en geschiedenis in Zandvoort\",\"potentialAction\":[{\"@type\":\"SearchAction\",\"target\":{\"@type\":\"EntryPoint\",\"urlTemplate\":\"https:\\\/\\\/zandvoortsmuseum.nl\\\/de\\\/?s={search_term_string}\"},\"query-input\":{\"@type\":\"PropertyValueSpecification\",\"valueRequired\":true,\"valueName\":\"search_term_string\"}}],\"inLanguage\":\"de\"},{\"@type\":\"Organization\",\"@id\":\"https:\\\/\\\/zandvoortsmuseum.nl\\\/de\\\/#organization\",\"name\":\"Zandvoorts Museum\",\"url\":\"https:\\\/\\\/zandvoortsmuseum.nl\\\/de\\\/\",\"logo\":{\"@type\":\"ImageObject\",\"inLanguage\":\"de\",\"@id\":\"https:\\\/\\\/zandvoortsmuseum.nl\\\/de\\\/#\\\/schema\\\/logo\\\/image\\\/\",\"url\":\"https:\\\/\\\/zandvoortsmuseum.nl\\\/wp-content\\\/uploads\\\/2025\\\/08\\\/Zandvoorts-Museum-Logo-zw-min.svg\",\"contentUrl\":\"https:\\\/\\\/zandvoortsmuseum.nl\\\/wp-content\\\/uploads\\\/2025\\\/08\\\/Zandvoorts-Museum-Logo-zw-min.svg\",\"width\":1847,\"height\":412,\"caption\":\"Zandvoorts Museum\"},\"image\":{\"@id\":\"https:\\\/\\\/zandvoortsmuseum.nl\\\/de\\\/#\\\/schema\\\/logo\\\/image\\\/\"},\"sameAs\":[\"https:\\\/\\\/www.facebook.com\\\/MuseumZandvoort\",\"https:\\\/\\\/www.instagram.com\\\/zandvoortsmuseum\\\/\"]},{\"@type\":\"Person\",\"@id\":\"https:\\\/\\\/zandvoortsmuseum.nl\\\/de\\\/#\\\/schema\\\/person\\\/97f3ec5c255747da82629fb0f67d5342\",\"name\":\"marketing\",\"image\":{\"@type\":\"ImageObject\",\"inLanguage\":\"de\",\"@id\":\"https:\\\/\\\/secure.gravatar.com\\\/avatar\\\/62f77f5dd9781161b554332fbd7727c692636cd06ba2ead865ee2a6602c737e0?s=96&r=g\",\"url\":\"https:\\\/\\\/secure.gravatar.com\\\/avatar\\\/62f77f5dd9781161b554332fbd7727c692636cd06ba2ead865ee2a6602c737e0?s=96&r=g\",\"contentUrl\":\"https:\\\/\\\/secure.gravatar.com\\\/avatar\\\/62f77f5dd9781161b554332fbd7727c692636cd06ba2ead865ee2a6602c737e0?s=96&r=g\",\"caption\":\"marketing\"}}]}<\/script>\n<!-- \/ Yoast SEO plugin. -->","yoast_head_json":{"title":"Frohe Festtage! - Zandvoorts Museum","description":"Das Zandvoorts Museum w\u00fcnscht Ihnen frohe Festtage und ein inspirierendes und gesundes neues Jahr mit diesem Gem\u00e4lde von Cornels Springer.","robots":{"index":"index","follow":"follow","max-snippet":"max-snippet:-1","max-image-preview":"max-image-preview:large","max-video-preview":"max-video-preview:-1"},"canonical":"https:\/\/zandvoortsmuseum.nl\/de\/2025\/12\/24\/frohe-festtage\/","og_locale":"de_DE","og_type":"article","og_title":"Frohe Festtage! - Zandvoorts Museum","og_description":"Das Zandvoorts Museum w\u00fcnscht Ihnen frohe Festtage und ein inspirierendes und gesundes neues Jahr mit diesem Gem\u00e4lde von Cornels Springer.","og_url":"https:\/\/zandvoortsmuseum.nl\/de\/2025\/12\/24\/frohe-festtage\/","og_site_name":"Zandvoorts Museum","article_publisher":"https:\/\/www.facebook.com\/MuseumZandvoort","article_published_time":"2025-12-24T00:52:33+00:00","og_image":[{"width":1014,"height":1394,"url":"https:\/\/zandvoortsmuseum.nl\/wp-content\/uploads\/2025\/12\/Cornelis-Springer-Figuren-op-het-Kerkpad-te-Zandvoort-in-de-winter-1883.jpg","type":"image\/jpeg"}],"author":"marketing","twitter_card":"summary_large_image","twitter_misc":{"Verfasst von":"marketing","Gesch\u00e4tzte Lesezeit":"1\u00a0Minute"},"schema":{"@context":"https:\/\/schema.org","@graph":[{"@type":"Article","@id":"https:\/\/zandvoortsmuseum.nl\/de\/2025\/12\/24\/frohe-festtage\/#article","isPartOf":{"@id":"https:\/\/zandvoortsmuseum.nl\/de\/2025\/12\/24\/frohe-festtage\/"},"author":{"name":"marketing","@id":"https:\/\/zandvoortsmuseum.nl\/de\/#\/schema\/person\/97f3ec5c255747da82629fb0f67d5342"},"headline":"Frohe Festtage!","datePublished":"2025-12-24T00:52:33+00:00","mainEntityOfPage":{"@id":"https:\/\/zandvoortsmuseum.nl\/de\/2025\/12\/24\/frohe-festtage\/"},"wordCount":128,"publisher":{"@id":"https:\/\/zandvoortsmuseum.nl\/de\/#organization"},"image":{"@id":"https:\/\/zandvoortsmuseum.nl\/de\/2025\/12\/24\/frohe-festtage\/#primaryimage"},"thumbnailUrl":"https:\/\/zandvoortsmuseum.nl\/wp-content\/uploads\/2025\/12\/Cornelis-Springer-Figuren-op-het-Kerkpad-te-Zandvoort-in-de-winter-1883.jpg","keywords":["200 Jahre Seebad","Cornelis Springer","Neujahr","Weihnachten","Zandvoorts Museum"],"articleSection":["Nachrichten"],"inLanguage":"de"},{"@type":"WebPage","@id":"https:\/\/zandvoortsmuseum.nl\/de\/2025\/12\/24\/frohe-festtage\/","url":"https:\/\/zandvoortsmuseum.nl\/de\/2025\/12\/24\/frohe-festtage\/","name":"Frohe Festtage! - Zandvoorts Museum","isPartOf":{"@id":"https:\/\/zandvoortsmuseum.nl\/de\/#website"},"primaryImageOfPage":{"@id":"https:\/\/zandvoortsmuseum.nl\/de\/2025\/12\/24\/frohe-festtage\/#primaryimage"},"image":{"@id":"https:\/\/zandvoortsmuseum.nl\/de\/2025\/12\/24\/frohe-festtage\/#primaryimage"},"thumbnailUrl":"https:\/\/zandvoortsmuseum.nl\/wp-content\/uploads\/2025\/12\/Cornelis-Springer-Figuren-op-het-Kerkpad-te-Zandvoort-in-de-winter-1883.jpg","datePublished":"2025-12-24T00:52:33+00:00","description":"Das Zandvoorts Museum w\u00fcnscht Ihnen frohe Festtage und ein inspirierendes und gesundes neues Jahr mit diesem Gem\u00e4lde von Cornels Springer.","breadcrumb":{"@id":"https:\/\/zandvoortsmuseum.nl\/de\/2025\/12\/24\/frohe-festtage\/#breadcrumb"},"inLanguage":"de","potentialAction":[{"@type":"ReadAction","target":["https:\/\/zandvoortsmuseum.nl\/de\/2025\/12\/24\/frohe-festtage\/"]}]},{"@type":"ImageObject","inLanguage":"de","@id":"https:\/\/zandvoortsmuseum.nl\/de\/2025\/12\/24\/frohe-festtage\/#primaryimage","url":"https:\/\/zandvoortsmuseum.nl\/wp-content\/uploads\/2025\/12\/Cornelis-Springer-Figuren-op-het-Kerkpad-te-Zandvoort-in-de-winter-1883.jpg","contentUrl":"https:\/\/zandvoortsmuseum.nl\/wp-content\/uploads\/2025\/12\/Cornelis-Springer-Figuren-op-het-Kerkpad-te-Zandvoort-in-de-winter-1883.jpg","width":1014,"height":1394,"caption":"\u201eFiguren auf dem Kirchpfad in Zandvoort im Winter\u201c Cornelis Springer, 1883"},{"@type":"BreadcrumbList","@id":"https:\/\/zandvoortsmuseum.nl\/de\/2025\/12\/24\/frohe-festtage\/#breadcrumb","itemListElement":[{"@type":"ListItem","position":1,"name":"Home","item":"https:\/\/zandvoortsmuseum.nl\/de\/"},{"@type":"ListItem","position":2,"name":"Frohe Festtage!"}]},{"@type":"WebSite","@id":"https:\/\/zandvoortsmuseum.nl\/de\/#website","url":"https:\/\/zandvoortsmuseum.nl\/de\/","name":"Zandvoorts Museum","description":"H\u00e9t centrum voor kunst en geschiedenis in Zandvoort.","publisher":{"@id":"https:\/\/zandvoortsmuseum.nl\/de\/#organization"},"alternateName":"H\u00e9t centrum voor kunst en geschiedenis in Zandvoort","potentialAction":[{"@type":"SearchAction","target":{"@type":"EntryPoint","urlTemplate":"https:\/\/zandvoortsmuseum.nl\/de\/?s={search_term_string}"},"query-input":{"@type":"PropertyValueSpecification","valueRequired":true,"valueName":"search_term_string"}}],"inLanguage":"de"},{"@type":"Organization","@id":"https:\/\/zandvoortsmuseum.nl\/de\/#organization","name":"Zandvoorts Museum","url":"https:\/\/zandvoortsmuseum.nl\/de\/","logo":{"@type":"ImageObject","inLanguage":"de","@id":"https:\/\/zandvoortsmuseum.nl\/de\/#\/schema\/logo\/image\/","url":"https:\/\/zandvoortsmuseum.nl\/wp-content\/uploads\/2025\/08\/Zandvoorts-Museum-Logo-zw-min.svg","contentUrl":"https:\/\/zandvoortsmuseum.nl\/wp-content\/uploads\/2025\/08\/Zandvoorts-Museum-Logo-zw-min.svg","width":1847,"height":412,"caption":"Zandvoorts Museum"},"image":{"@id":"https:\/\/zandvoortsmuseum.nl\/de\/#\/schema\/logo\/image\/"},"sameAs":["https:\/\/www.facebook.com\/MuseumZandvoort","https:\/\/www.instagram.com\/zandvoortsmuseum\/"]},{"@type":"Person","@id":"https:\/\/zandvoortsmuseum.nl\/de\/#\/schema\/person\/97f3ec5c255747da82629fb0f67d5342","name":"marketing","image":{"@type":"ImageObject","inLanguage":"de","@id":"https:\/\/secure.gravatar.com\/avatar\/62f77f5dd9781161b554332fbd7727c692636cd06ba2ead865ee2a6602c737e0?s=96&r=g","url":"https:\/\/secure.gravatar.com\/avatar\/62f77f5dd9781161b554332fbd7727c692636cd06ba2ead865ee2a6602c737e0?s=96&r=g","contentUrl":"https:\/\/secure.gravatar.com\/avatar\/62f77f5dd9781161b554332fbd7727c692636cd06ba2ead865ee2a6602c737e0?s=96&r=g","caption":"marketing"}}]}},"_links":{"self":[{"href":"https:\/\/zandvoortsmuseum.nl\/de\/wp-json\/wp\/v2\/posts\/4452","targetHints":{"allow":["GET"]}}],"collection":[{"href":"https:\/\/zandvoortsmuseum.nl\/de\/wp-json\/wp\/v2\/posts"}],"about":[{"href":"https:\/\/zandvoortsmuseum.nl\/de\/wp-json\/wp\/v2\/types\/post"}],"author":[{"embeddable":true,"href":"https:\/\/zandvoortsmuseum.nl\/de\/wp-json\/wp\/v2\/users\/6"}],"replies":[{"embeddable":true,"href":"https:\/\/zandvoortsmuseum.nl\/de\/wp-json\/wp\/v2\/comments?post=4452"}],"version-history":[{"count":0,"href":"https:\/\/zandvoortsmuseum.nl\/de\/wp-json\/wp\/v2\/posts\/4452\/revisions"}],"wp:featuredmedia":[{"embeddable":true,"href":"https:\/\/zandvoortsmuseum.nl\/de\/wp-json\/wp\/v2\/media\/4454"}],"wp:attachment":[{"href":"https:\/\/zandvoortsmuseum.nl\/de\/wp-json\/wp\/v2\/media?parent=4452"}],"wp:term":[{"taxonomy":"category","embeddable":true,"href":"https:\/\/zandvoortsmuseum.nl\/de\/wp-json\/wp\/v2\/categories?post=4452"},{"taxonomy":"post_tag","embeddable":true,"href":"https:\/\/zandvoortsmuseum.nl\/de\/wp-json\/wp\/v2\/tags?post=4452"}],"curies":[{"name":"wp","href":"https:\/\/api.w.org\/{rel}","templated":true}]}}