{"id":4453,"date":"2025-11-29T13:34:24","date_gmt":"2025-11-29T11:34:24","guid":{"rendered":"https:\/\/zandvoortsmuseum.nl\/2025\/11\/29\/der-wiederaufbau-von-zandvoort\/"},"modified":"2025-11-29T13:34:24","modified_gmt":"2025-11-29T11:34:24","slug":"der-wiederaufbau-von-zandvoort","status":"publish","type":"post","link":"https:\/\/zandvoortsmuseum.nl\/de\/2025\/11\/29\/der-wiederaufbau-von-zandvoort\/","title":{"rendered":"Der Wiederaufbau von Zandvoort"},"content":{"rendered":"<p>Die Ausstellung \u201eWiederaufbau Zandvoort\u201c zeigt den architektonischen Wandel von Zandvoort nach dem 2. Weltkrieg. Die Ausstellung ist vom 6. Dezember 2025 bis zum 6. April 2026 zu sehen. <\/p>\n<h1>Ausstellung<\/h1>\n<p>Zu Ehren des 200-j\u00e4hrigen Jubil\u00e4ums als Badeort zeigt das Zandvoorts Museum ab dem 6. Dezember 2025 die Ausstellung <a href=\"https:\/\/zandvoortsmuseum.nl\/tentoonstelling\/zandvoort-200-jaar-badplaats\/\" target=\"_blank\" rel=\"noopener\"><strong>\u201eWiederaufbau Zandvoort\u201c.<\/strong><\/a> Diese Pr\u00e4sentation ist ein speziell zusammengestellter Teil der erfolgreichen Ausstellung \u201ePanorama Zandvoort, zweihundert Jahre Bauen an einem Badeort\u201c, die zuvor im ABC Architekturzentrum Haarlem zu sehen war.<\/p>\n<p><img fetchpriority=\"high\" decoding=\"async\" class=\"size-full wp-image-3759\" src=\"https:\/\/zandvoortsmuseum.nl\/wp-content\/uploads\/2025\/09\/Wederopbouw-Zandvoort-panorama.jpg\" alt=\"Wiederaufbau Zandvoort Panorama\" width=\"1920\" height=\"468\" srcset=\"https:\/\/zandvoortsmuseum.nl\/wp-content\/uploads\/2025\/09\/Wederopbouw-Zandvoort-panorama.jpg 1920w, https:\/\/zandvoortsmuseum.nl\/wp-content\/uploads\/2025\/09\/Wederopbouw-Zandvoort-panorama-300x73.jpg 300w, https:\/\/zandvoortsmuseum.nl\/wp-content\/uploads\/2025\/09\/Wederopbouw-Zandvoort-panorama-1024x250.jpg 1024w, https:\/\/zandvoortsmuseum.nl\/wp-content\/uploads\/2025\/09\/Wederopbouw-Zandvoort-panorama-768x187.jpg 768w, https:\/\/zandvoortsmuseum.nl\/wp-content\/uploads\/2025\/09\/Wederopbouw-Zandvoort-panorama-1536x374.jpg 1536w\" sizes=\"(max-width: 1920px) 100vw, 1920px\" \/><\/p>\n<p class=\"p1\">Der Zweite Weltkrieg hatte gro\u00dfe Auswirkungen auf Zandvoort. F\u00fcr den Bau des sogenannten Atlantikwalls wurde ein gro\u00dfer Teil von Zandvoort dem Erdboden gleichgemacht. Die Wiederaufbauperiode danach wurde genutzt, um ein neues Zandvoort zu entwickeln, wobei der Fokus auf den Strandtourismus und die Erholung gelegt wurde. Neue Wohngebiete entstanden, das Zentrum erhielt eine modernere Struktur und die Wiederer\u00f6ffnung von Strand und Rennstrecke gab dem Tourismus einen neuen Impuls \u2013 noch immer der Motor der lokalen Wirtschaft. Diese Ausstellung zeigt auch die Zukunftspl\u00e4ne des Badhuisplein und des neuen Wasserturms. Die Ausstellung ist reich bebildert mit Fotos, Karten, historischen Dokumenten und einem Modell.    <\/p>\n<p class=\"p1\">Im Museumsshop ist das Buch \u201ePanorama Zandvoort, zweihundert Jahre Bauen an einem Badeort\u201c erh\u00e4ltlich.<\/p>\n<h2><\/h2>\n<h2>Vortrag Folkert Bloeme<\/h2>\n<p><img decoding=\"async\" class=\"size-full wp-image-3243\" src=\"https:\/\/zandvoortsmuseum.nl\/wp-content\/uploads\/2025\/09\/Lezing-Wederopbouw-Zandvoort-Folkert-Bloeme.jpg\" alt=\"Vortrag Wiederaufbau Zandvoort Folkert Bloeme\" width=\"1920\" height=\"1080\" srcset=\"https:\/\/zandvoortsmuseum.nl\/wp-content\/uploads\/2025\/09\/Lezing-Wederopbouw-Zandvoort-Folkert-Bloeme.jpg 1920w, https:\/\/zandvoortsmuseum.nl\/wp-content\/uploads\/2025\/09\/Lezing-Wederopbouw-Zandvoort-Folkert-Bloeme-300x169.jpg 300w, https:\/\/zandvoortsmuseum.nl\/wp-content\/uploads\/2025\/09\/Lezing-Wederopbouw-Zandvoort-Folkert-Bloeme-1024x576.jpg 1024w, https:\/\/zandvoortsmuseum.nl\/wp-content\/uploads\/2025\/09\/Lezing-Wederopbouw-Zandvoort-Folkert-Bloeme-768x432.jpg 768w, https:\/\/zandvoortsmuseum.nl\/wp-content\/uploads\/2025\/09\/Lezing-Wederopbouw-Zandvoort-Folkert-Bloeme-1536x864.jpg 1536w\" sizes=\"(max-width: 1920px) 100vw, 1920px\" \/><\/p>\n<p class=\"p1\">Am 14. Dezember 2025 h\u00e4lt der Anthropologe\/Historiker Folkert Bloeme im Museum einen Vortrag \u00fcber den Wiederaufbau von Zandvoort. Besucher erhalten so einen zus\u00e4tzlichen Einblick in die Geschichte und die zuk\u00fcnftigen Entwicklungen des Badeortes. In seinem Vortrag erz\u00e4hlt Bloeme die Geschichte von Verwaltern, Architekten und Bewohnern, die gemeinsam am Wiederaufbau gearbeitet haben. Er zeigt, wie st\u00e4dtebauliche Entscheidungen und neue Baustile das Gesicht von Zandvoort f\u00fcr immer ver\u00e4ndert haben. Mit Fotos, Karten und pers\u00f6nlichen Erinnerungen macht er sichtbar, wie die Zeit des Wiederaufbaus bis heute im Dorf erkennbar ist.    <\/p>\n<p class=\"p1\">Datum: Sonntag, 14. Dezember, von 14:00 bis 15:30 Uhr<br \/>\nKosten: 10 \u20ac (ohne Museumseintritt)<br \/>\nOrt: Zandvoorts Museum<br \/>\nLouis Davidsstraat 19, 2042 LS Zandvoort<\/p>\n<p><a href=\"https:\/\/zandvoortsmuseum.nl\/activiteiten\/de-wederopbouw-van-zandvoort\/\" target=\"_blank\" rel=\"noopener\"><strong>Bestellen Sie Ihre Tickets hier<\/strong><\/a><\/p>\n","protected":false},"excerpt":{"rendered":"<p>Die Ausstellung \u201eWiederaufbau Zandvoort\u201c zeigt den architektonischen Wandel von Zandvoort nach dem 2. Weltkrieg. Die Ausstellung ist vom 6. Dezember 2025 bis zum 6. April 2026 zu sehen. Ausstellung Zu Ehren des 200-j\u00e4hrigen Jubil\u00e4ums als Badeort zeigt das Zandvoorts Museum ab dem 6. Dezember 2025 die Ausstellung \u201eWiederaufbau Zandvoort\u201c. Diese Pr\u00e4sentation ist ein speziell zusammengestellter [&hellip;]<\/p>\n","protected":false},"author":6,"featured_media":4459,"comment_status":"closed","ping_status":"closed","sticky":false,"template":"","format":"standard","meta":{"_acf_changed":false,"inline_featured_image":false,"footnotes":""},"categories":[102],"tags":[114,113,111,112,110,104],"class_list":["post-4453","post","type-post","status-publish","format-standard","has-post-thumbnail","hentry","category-nachrichten","tag-folkert-bloeme","tag-friedhoff","tag-wiederaufbau","tag-wiederaufbau-zandvoort","tag-zandvoort","tag-zandvoorts-museum"],"acf":[],"yoast_head":"<!-- This site is optimized with the Yoast SEO plugin v27.3 - https:\/\/yoast.com\/product\/yoast-seo-wordpress\/ -->\n<title>Der Wiederaufbau von Zandvoort - Zandvoorts Museum<\/title>\n<meta name=\"description\" content=\"Die Ausstellung \u201eWiederaufbau Zandvoort\u201c ist vom 6. Dezember 2025 bis zum 6. April 2026 im Zandvoorts Museum zu sehen.\" \/>\n<meta name=\"robots\" content=\"index, follow, max-snippet:-1, max-image-preview:large, max-video-preview:-1\" \/>\n<link rel=\"canonical\" href=\"https:\/\/zandvoortsmuseum.nl\/de\/2025\/11\/29\/der-wiederaufbau-von-zandvoort\/\" \/>\n<meta property=\"og:locale\" content=\"de_DE\" \/>\n<meta property=\"og:type\" content=\"article\" \/>\n<meta property=\"og:title\" content=\"Der Wiederaufbau von Zandvoort - Zandvoorts Museum\" \/>\n<meta property=\"og:description\" content=\"Die Ausstellung \u201eWiederaufbau Zandvoort\u201c ist vom 6. Dezember 2025 bis zum 6. April 2026 im Zandvoorts Museum zu sehen.\" \/>\n<meta property=\"og:url\" content=\"https:\/\/zandvoortsmuseum.nl\/de\/2025\/11\/29\/der-wiederaufbau-von-zandvoort\/\" \/>\n<meta property=\"og:site_name\" content=\"Zandvoorts Museum\" \/>\n<meta property=\"article:publisher\" content=\"https:\/\/www.facebook.com\/MuseumZandvoort\" \/>\n<meta property=\"article:published_time\" content=\"2025-11-29T11:34:24+00:00\" \/>\n<meta property=\"og:image\" content=\"https:\/\/zandvoortsmuseum.nl\/wp-content\/uploads\/2025\/11\/Wederopbouw-Abc-Maquette.jpg\" \/>\n\t<meta property=\"og:image:width\" content=\"2500\" \/>\n\t<meta property=\"og:image:height\" content=\"723\" \/>\n\t<meta property=\"og:image:type\" content=\"image\/jpeg\" \/>\n<meta name=\"author\" content=\"marketing\" \/>\n<meta name=\"twitter:card\" content=\"summary_large_image\" \/>\n<meta name=\"twitter:label1\" content=\"Verfasst von\" \/>\n\t<meta name=\"twitter:data1\" content=\"marketing\" \/>\n\t<meta name=\"twitter:label2\" content=\"Gesch\u00e4tzte Lesezeit\" \/>\n\t<meta name=\"twitter:data2\" content=\"2\u00a0Minuten\" \/>\n<script type=\"application\/ld+json\" class=\"yoast-schema-graph\">{\"@context\":\"https:\\\/\\\/schema.org\",\"@graph\":[{\"@type\":\"Article\",\"@id\":\"https:\\\/\\\/zandvoortsmuseum.nl\\\/de\\\/2025\\\/11\\\/29\\\/der-wiederaufbau-von-zandvoort\\\/#article\",\"isPartOf\":{\"@id\":\"https:\\\/\\\/zandvoortsmuseum.nl\\\/de\\\/2025\\\/11\\\/29\\\/der-wiederaufbau-von-zandvoort\\\/\"},\"author\":{\"name\":\"marketing\",\"@id\":\"https:\\\/\\\/zandvoortsmuseum.nl\\\/de\\\/#\\\/schema\\\/person\\\/97f3ec5c255747da82629fb0f67d5342\"},\"headline\":\"Der Wiederaufbau von Zandvoort\",\"datePublished\":\"2025-11-29T11:34:24+00:00\",\"mainEntityOfPage\":{\"@id\":\"https:\\\/\\\/zandvoortsmuseum.nl\\\/de\\\/2025\\\/11\\\/29\\\/der-wiederaufbau-von-zandvoort\\\/\"},\"wordCount\":313,\"publisher\":{\"@id\":\"https:\\\/\\\/zandvoortsmuseum.nl\\\/de\\\/#organization\"},\"image\":{\"@id\":\"https:\\\/\\\/zandvoortsmuseum.nl\\\/de\\\/2025\\\/11\\\/29\\\/der-wiederaufbau-von-zandvoort\\\/#primaryimage\"},\"thumbnailUrl\":\"https:\\\/\\\/zandvoortsmuseum.nl\\\/wp-content\\\/uploads\\\/2025\\\/11\\\/Wederopbouw-Abc-Maquette.jpg\",\"keywords\":[\"Folkert Bloeme\",\"Friedhoff\",\"Wiederaufbau\",\"Wiederaufbau Zandvoort\",\"Zandvoort\",\"Zandvoorts Museum\"],\"articleSection\":[\"Nachrichten\"],\"inLanguage\":\"de\"},{\"@type\":\"WebPage\",\"@id\":\"https:\\\/\\\/zandvoortsmuseum.nl\\\/de\\\/2025\\\/11\\\/29\\\/der-wiederaufbau-von-zandvoort\\\/\",\"url\":\"https:\\\/\\\/zandvoortsmuseum.nl\\\/de\\\/2025\\\/11\\\/29\\\/der-wiederaufbau-von-zandvoort\\\/\",\"name\":\"Der Wiederaufbau von Zandvoort - Zandvoorts Museum\",\"isPartOf\":{\"@id\":\"https:\\\/\\\/zandvoortsmuseum.nl\\\/de\\\/#website\"},\"primaryImageOfPage\":{\"@id\":\"https:\\\/\\\/zandvoortsmuseum.nl\\\/de\\\/2025\\\/11\\\/29\\\/der-wiederaufbau-von-zandvoort\\\/#primaryimage\"},\"image\":{\"@id\":\"https:\\\/\\\/zandvoortsmuseum.nl\\\/de\\\/2025\\\/11\\\/29\\\/der-wiederaufbau-von-zandvoort\\\/#primaryimage\"},\"thumbnailUrl\":\"https:\\\/\\\/zandvoortsmuseum.nl\\\/wp-content\\\/uploads\\\/2025\\\/11\\\/Wederopbouw-Abc-Maquette.jpg\",\"datePublished\":\"2025-11-29T11:34:24+00:00\",\"description\":\"Die Ausstellung \u201eWiederaufbau Zandvoort\u201c ist vom 6. Dezember 2025 bis zum 6. April 2026 im Zandvoorts Museum zu sehen.\",\"breadcrumb\":{\"@id\":\"https:\\\/\\\/zandvoortsmuseum.nl\\\/de\\\/2025\\\/11\\\/29\\\/der-wiederaufbau-von-zandvoort\\\/#breadcrumb\"},\"inLanguage\":\"de\",\"potentialAction\":[{\"@type\":\"ReadAction\",\"target\":[\"https:\\\/\\\/zandvoortsmuseum.nl\\\/de\\\/2025\\\/11\\\/29\\\/der-wiederaufbau-von-zandvoort\\\/\"]}]},{\"@type\":\"ImageObject\",\"inLanguage\":\"de\",\"@id\":\"https:\\\/\\\/zandvoortsmuseum.nl\\\/de\\\/2025\\\/11\\\/29\\\/der-wiederaufbau-von-zandvoort\\\/#primaryimage\",\"url\":\"https:\\\/\\\/zandvoortsmuseum.nl\\\/wp-content\\\/uploads\\\/2025\\\/11\\\/Wederopbouw-Abc-Maquette.jpg\",\"contentUrl\":\"https:\\\/\\\/zandvoortsmuseum.nl\\\/wp-content\\\/uploads\\\/2025\\\/11\\\/Wederopbouw-Abc-Maquette.jpg\",\"width\":2500,\"height\":723,\"caption\":\"Wiederaufbau Abc-Modell\"},{\"@type\":\"BreadcrumbList\",\"@id\":\"https:\\\/\\\/zandvoortsmuseum.nl\\\/de\\\/2025\\\/11\\\/29\\\/der-wiederaufbau-von-zandvoort\\\/#breadcrumb\",\"itemListElement\":[{\"@type\":\"ListItem\",\"position\":1,\"name\":\"Home\",\"item\":\"https:\\\/\\\/zandvoortsmuseum.nl\\\/de\\\/\"},{\"@type\":\"ListItem\",\"position\":2,\"name\":\"Der Wiederaufbau von Zandvoort\"}]},{\"@type\":\"WebSite\",\"@id\":\"https:\\\/\\\/zandvoortsmuseum.nl\\\/de\\\/#website\",\"url\":\"https:\\\/\\\/zandvoortsmuseum.nl\\\/de\\\/\",\"name\":\"Zandvoorts Museum\",\"description\":\"H\u00e9t centrum voor kunst en geschiedenis in Zandvoort.\",\"publisher\":{\"@id\":\"https:\\\/\\\/zandvoortsmuseum.nl\\\/de\\\/#organization\"},\"alternateName\":\"H\u00e9t centrum voor kunst en geschiedenis in Zandvoort\",\"potentialAction\":[{\"@type\":\"SearchAction\",\"target\":{\"@type\":\"EntryPoint\",\"urlTemplate\":\"https:\\\/\\\/zandvoortsmuseum.nl\\\/de\\\/?s={search_term_string}\"},\"query-input\":{\"@type\":\"PropertyValueSpecification\",\"valueRequired\":true,\"valueName\":\"search_term_string\"}}],\"inLanguage\":\"de\"},{\"@type\":\"Organization\",\"@id\":\"https:\\\/\\\/zandvoortsmuseum.nl\\\/de\\\/#organization\",\"name\":\"Zandvoorts Museum\",\"url\":\"https:\\\/\\\/zandvoortsmuseum.nl\\\/de\\\/\",\"logo\":{\"@type\":\"ImageObject\",\"inLanguage\":\"de\",\"@id\":\"https:\\\/\\\/zandvoortsmuseum.nl\\\/de\\\/#\\\/schema\\\/logo\\\/image\\\/\",\"url\":\"https:\\\/\\\/zandvoortsmuseum.nl\\\/wp-content\\\/uploads\\\/2025\\\/08\\\/Zandvoorts-Museum-Logo-zw-min.svg\",\"contentUrl\":\"https:\\\/\\\/zandvoortsmuseum.nl\\\/wp-content\\\/uploads\\\/2025\\\/08\\\/Zandvoorts-Museum-Logo-zw-min.svg\",\"width\":1847,\"height\":412,\"caption\":\"Zandvoorts Museum\"},\"image\":{\"@id\":\"https:\\\/\\\/zandvoortsmuseum.nl\\\/de\\\/#\\\/schema\\\/logo\\\/image\\\/\"},\"sameAs\":[\"https:\\\/\\\/www.facebook.com\\\/MuseumZandvoort\",\"https:\\\/\\\/www.instagram.com\\\/zandvoortsmuseum\\\/\"]},{\"@type\":\"Person\",\"@id\":\"https:\\\/\\\/zandvoortsmuseum.nl\\\/de\\\/#\\\/schema\\\/person\\\/97f3ec5c255747da82629fb0f67d5342\",\"name\":\"marketing\",\"image\":{\"@type\":\"ImageObject\",\"inLanguage\":\"de\",\"@id\":\"https:\\\/\\\/secure.gravatar.com\\\/avatar\\\/62f77f5dd9781161b554332fbd7727c692636cd06ba2ead865ee2a6602c737e0?s=96&r=g\",\"url\":\"https:\\\/\\\/secure.gravatar.com\\\/avatar\\\/62f77f5dd9781161b554332fbd7727c692636cd06ba2ead865ee2a6602c737e0?s=96&r=g\",\"contentUrl\":\"https:\\\/\\\/secure.gravatar.com\\\/avatar\\\/62f77f5dd9781161b554332fbd7727c692636cd06ba2ead865ee2a6602c737e0?s=96&r=g\",\"caption\":\"marketing\"}}]}<\/script>\n<!-- \/ Yoast SEO plugin. -->","yoast_head_json":{"title":"Der Wiederaufbau von Zandvoort - Zandvoorts Museum","description":"Die Ausstellung \u201eWiederaufbau Zandvoort\u201c ist vom 6. Dezember 2025 bis zum 6. April 2026 im Zandvoorts Museum zu sehen.","robots":{"index":"index","follow":"follow","max-snippet":"max-snippet:-1","max-image-preview":"max-image-preview:large","max-video-preview":"max-video-preview:-1"},"canonical":"https:\/\/zandvoortsmuseum.nl\/de\/2025\/11\/29\/der-wiederaufbau-von-zandvoort\/","og_locale":"de_DE","og_type":"article","og_title":"Der Wiederaufbau von Zandvoort - Zandvoorts Museum","og_description":"Die Ausstellung \u201eWiederaufbau Zandvoort\u201c ist vom 6. Dezember 2025 bis zum 6. April 2026 im Zandvoorts Museum zu sehen.","og_url":"https:\/\/zandvoortsmuseum.nl\/de\/2025\/11\/29\/der-wiederaufbau-von-zandvoort\/","og_site_name":"Zandvoorts Museum","article_publisher":"https:\/\/www.facebook.com\/MuseumZandvoort","article_published_time":"2025-11-29T11:34:24+00:00","og_image":[{"width":2500,"height":723,"url":"https:\/\/zandvoortsmuseum.nl\/wp-content\/uploads\/2025\/11\/Wederopbouw-Abc-Maquette.jpg","type":"image\/jpeg"}],"author":"marketing","twitter_card":"summary_large_image","twitter_misc":{"Verfasst von":"marketing","Gesch\u00e4tzte Lesezeit":"2\u00a0Minuten"},"schema":{"@context":"https:\/\/schema.org","@graph":[{"@type":"Article","@id":"https:\/\/zandvoortsmuseum.nl\/de\/2025\/11\/29\/der-wiederaufbau-von-zandvoort\/#article","isPartOf":{"@id":"https:\/\/zandvoortsmuseum.nl\/de\/2025\/11\/29\/der-wiederaufbau-von-zandvoort\/"},"author":{"name":"marketing","@id":"https:\/\/zandvoortsmuseum.nl\/de\/#\/schema\/person\/97f3ec5c255747da82629fb0f67d5342"},"headline":"Der Wiederaufbau von Zandvoort","datePublished":"2025-11-29T11:34:24+00:00","mainEntityOfPage":{"@id":"https:\/\/zandvoortsmuseum.nl\/de\/2025\/11\/29\/der-wiederaufbau-von-zandvoort\/"},"wordCount":313,"publisher":{"@id":"https:\/\/zandvoortsmuseum.nl\/de\/#organization"},"image":{"@id":"https:\/\/zandvoortsmuseum.nl\/de\/2025\/11\/29\/der-wiederaufbau-von-zandvoort\/#primaryimage"},"thumbnailUrl":"https:\/\/zandvoortsmuseum.nl\/wp-content\/uploads\/2025\/11\/Wederopbouw-Abc-Maquette.jpg","keywords":["Folkert Bloeme","Friedhoff","Wiederaufbau","Wiederaufbau Zandvoort","Zandvoort","Zandvoorts Museum"],"articleSection":["Nachrichten"],"inLanguage":"de"},{"@type":"WebPage","@id":"https:\/\/zandvoortsmuseum.nl\/de\/2025\/11\/29\/der-wiederaufbau-von-zandvoort\/","url":"https:\/\/zandvoortsmuseum.nl\/de\/2025\/11\/29\/der-wiederaufbau-von-zandvoort\/","name":"Der Wiederaufbau von Zandvoort - Zandvoorts Museum","isPartOf":{"@id":"https:\/\/zandvoortsmuseum.nl\/de\/#website"},"primaryImageOfPage":{"@id":"https:\/\/zandvoortsmuseum.nl\/de\/2025\/11\/29\/der-wiederaufbau-von-zandvoort\/#primaryimage"},"image":{"@id":"https:\/\/zandvoortsmuseum.nl\/de\/2025\/11\/29\/der-wiederaufbau-von-zandvoort\/#primaryimage"},"thumbnailUrl":"https:\/\/zandvoortsmuseum.nl\/wp-content\/uploads\/2025\/11\/Wederopbouw-Abc-Maquette.jpg","datePublished":"2025-11-29T11:34:24+00:00","description":"Die Ausstellung \u201eWiederaufbau Zandvoort\u201c ist vom 6. Dezember 2025 bis zum 6. April 2026 im Zandvoorts Museum zu sehen.","breadcrumb":{"@id":"https:\/\/zandvoortsmuseum.nl\/de\/2025\/11\/29\/der-wiederaufbau-von-zandvoort\/#breadcrumb"},"inLanguage":"de","potentialAction":[{"@type":"ReadAction","target":["https:\/\/zandvoortsmuseum.nl\/de\/2025\/11\/29\/der-wiederaufbau-von-zandvoort\/"]}]},{"@type":"ImageObject","inLanguage":"de","@id":"https:\/\/zandvoortsmuseum.nl\/de\/2025\/11\/29\/der-wiederaufbau-von-zandvoort\/#primaryimage","url":"https:\/\/zandvoortsmuseum.nl\/wp-content\/uploads\/2025\/11\/Wederopbouw-Abc-Maquette.jpg","contentUrl":"https:\/\/zandvoortsmuseum.nl\/wp-content\/uploads\/2025\/11\/Wederopbouw-Abc-Maquette.jpg","width":2500,"height":723,"caption":"Wiederaufbau Abc-Modell"},{"@type":"BreadcrumbList","@id":"https:\/\/zandvoortsmuseum.nl\/de\/2025\/11\/29\/der-wiederaufbau-von-zandvoort\/#breadcrumb","itemListElement":[{"@type":"ListItem","position":1,"name":"Home","item":"https:\/\/zandvoortsmuseum.nl\/de\/"},{"@type":"ListItem","position":2,"name":"Der Wiederaufbau von Zandvoort"}]},{"@type":"WebSite","@id":"https:\/\/zandvoortsmuseum.nl\/de\/#website","url":"https:\/\/zandvoortsmuseum.nl\/de\/","name":"Zandvoorts Museum","description":"H\u00e9t centrum voor kunst en geschiedenis in Zandvoort.","publisher":{"@id":"https:\/\/zandvoortsmuseum.nl\/de\/#organization"},"alternateName":"H\u00e9t centrum voor kunst en geschiedenis in Zandvoort","potentialAction":[{"@type":"SearchAction","target":{"@type":"EntryPoint","urlTemplate":"https:\/\/zandvoortsmuseum.nl\/de\/?s={search_term_string}"},"query-input":{"@type":"PropertyValueSpecification","valueRequired":true,"valueName":"search_term_string"}}],"inLanguage":"de"},{"@type":"Organization","@id":"https:\/\/zandvoortsmuseum.nl\/de\/#organization","name":"Zandvoorts Museum","url":"https:\/\/zandvoortsmuseum.nl\/de\/","logo":{"@type":"ImageObject","inLanguage":"de","@id":"https:\/\/zandvoortsmuseum.nl\/de\/#\/schema\/logo\/image\/","url":"https:\/\/zandvoortsmuseum.nl\/wp-content\/uploads\/2025\/08\/Zandvoorts-Museum-Logo-zw-min.svg","contentUrl":"https:\/\/zandvoortsmuseum.nl\/wp-content\/uploads\/2025\/08\/Zandvoorts-Museum-Logo-zw-min.svg","width":1847,"height":412,"caption":"Zandvoorts Museum"},"image":{"@id":"https:\/\/zandvoortsmuseum.nl\/de\/#\/schema\/logo\/image\/"},"sameAs":["https:\/\/www.facebook.com\/MuseumZandvoort","https:\/\/www.instagram.com\/zandvoortsmuseum\/"]},{"@type":"Person","@id":"https:\/\/zandvoortsmuseum.nl\/de\/#\/schema\/person\/97f3ec5c255747da82629fb0f67d5342","name":"marketing","image":{"@type":"ImageObject","inLanguage":"de","@id":"https:\/\/secure.gravatar.com\/avatar\/62f77f5dd9781161b554332fbd7727c692636cd06ba2ead865ee2a6602c737e0?s=96&r=g","url":"https:\/\/secure.gravatar.com\/avatar\/62f77f5dd9781161b554332fbd7727c692636cd06ba2ead865ee2a6602c737e0?s=96&r=g","contentUrl":"https:\/\/secure.gravatar.com\/avatar\/62f77f5dd9781161b554332fbd7727c692636cd06ba2ead865ee2a6602c737e0?s=96&r=g","caption":"marketing"}}]}},"_links":{"self":[{"href":"https:\/\/zandvoortsmuseum.nl\/de\/wp-json\/wp\/v2\/posts\/4453","targetHints":{"allow":["GET"]}}],"collection":[{"href":"https:\/\/zandvoortsmuseum.nl\/de\/wp-json\/wp\/v2\/posts"}],"about":[{"href":"https:\/\/zandvoortsmuseum.nl\/de\/wp-json\/wp\/v2\/types\/post"}],"author":[{"embeddable":true,"href":"https:\/\/zandvoortsmuseum.nl\/de\/wp-json\/wp\/v2\/users\/6"}],"replies":[{"embeddable":true,"href":"https:\/\/zandvoortsmuseum.nl\/de\/wp-json\/wp\/v2\/comments?post=4453"}],"version-history":[{"count":0,"href":"https:\/\/zandvoortsmuseum.nl\/de\/wp-json\/wp\/v2\/posts\/4453\/revisions"}],"wp:featuredmedia":[{"embeddable":true,"href":"https:\/\/zandvoortsmuseum.nl\/de\/wp-json\/wp\/v2\/media\/4459"}],"wp:attachment":[{"href":"https:\/\/zandvoortsmuseum.nl\/de\/wp-json\/wp\/v2\/media?parent=4453"}],"wp:term":[{"taxonomy":"category","embeddable":true,"href":"https:\/\/zandvoortsmuseum.nl\/de\/wp-json\/wp\/v2\/categories?post=4453"},{"taxonomy":"post_tag","embeddable":true,"href":"https:\/\/zandvoortsmuseum.nl\/de\/wp-json\/wp\/v2\/tags?post=4453"}],"curies":[{"name":"wp","href":"https:\/\/api.w.org\/{rel}","templated":true}]}}