{"id":4464,"date":"2026-01-02T10:00:03","date_gmt":"2026-01-02T08:00:03","guid":{"rendered":"https:\/\/zandvoortsmuseum.nl\/2026\/01\/02\/peter-van-delft-sagt-danke\/"},"modified":"2026-01-02T10:00:03","modified_gmt":"2026-01-02T08:00:03","slug":"peter-van-delft-sagt-danke","status":"publish","type":"post","link":"https:\/\/zandvoortsmuseum.nl\/de\/2026\/01\/02\/peter-van-delft-sagt-danke\/","title":{"rendered":"Peter van Delft sagt Danke"},"content":{"rendered":"<p>Das Zandvoorts Museum beginnt dieses Jahr mit einem besonderen Moment: Peter van Delft hat seine Aufgaben als Schatzmeister und Fundraiser \u00fcbergeben. Seit der Professionalisierung des Museums im Jahr 2018 ist Van Delft eine treibende Kraft hinter der Organisation gewesen. Das Museum blickt mit gro\u00dfem Stolz und Dankbarkeit auf sieben Jahre au\u00dfergew\u00f6hnlichen Engagements zur\u00fcck.  <\/p>\n<figure id=\"attachment_4248\" aria-describedby=\"caption-attachment-4248\" style=\"width: 2024px\" class=\"wp-caption alignnone\"><img fetchpriority=\"high\" decoding=\"async\" class=\"size-full wp-image-4248\" src=\"https:\/\/zandvoortsmuseum.nl\/wp-content\/uploads\/2025\/12\/Peter-van-Delft.jpg\" alt=\"Peter Van Delft\" width=\"2024\" height=\"2024\" srcset=\"https:\/\/zandvoortsmuseum.nl\/wp-content\/uploads\/2025\/12\/Peter-van-Delft.jpg 2024w, https:\/\/zandvoortsmuseum.nl\/wp-content\/uploads\/2025\/12\/Peter-van-Delft-300x300.jpg 300w, https:\/\/zandvoortsmuseum.nl\/wp-content\/uploads\/2025\/12\/Peter-van-Delft-1024x1024.jpg 1024w, https:\/\/zandvoortsmuseum.nl\/wp-content\/uploads\/2025\/12\/Peter-van-Delft-150x150.jpg 150w, https:\/\/zandvoortsmuseum.nl\/wp-content\/uploads\/2025\/12\/Peter-van-Delft-768x768.jpg 768w, https:\/\/zandvoortsmuseum.nl\/wp-content\/uploads\/2025\/12\/Peter-van-Delft-1536x1536.jpg 1536w\" sizes=\"(max-width: 2024px) 100vw, 2024px\" \/><figcaption id=\"caption-attachment-4248\" class=\"wp-caption-text\">Peter Van Delft<\/figcaption><\/figure>\n<p>Als Schatzmeister sorgte Van Delft f\u00fcr eine solide und transparente Finanzpolitik. W\u00e4hrend des Umzugs und der Neuentwicklung des Museums ging sein Einsatz jedoch \u00fcber seine formelle Rolle hinaus. Er dachte aktiv \u00fcber L\u00f6sungen mit, \u00fcberwachte die finanziellen Rahmenbedingungen und war, wo n\u00f6tig, auch buchst\u00e4blich hands-on beteiligt. Der \u00dcbergang zum neuen Standort war ein komplexes und intensives Unterfangen. Dank seiner finanziellen Expertise, Zuverl\u00e4ssigkeit und gro\u00dfem Engagement konnte dieser Schritt auf eine verantwortungsvolle und stabile Weise vollzogen werden.    <\/p>\n<p>Das Zandvoorts Museum spricht Peter van Delft seinen gro\u00dfen Dank f\u00fcr seinen jahrelangen, uneigenn\u00fctzigen Einsatz, seine Expertise und sein warmes Herz f\u00fcr das Zandvoorter Kulturerbe aus. Die Organisation verabschiedet ihn mit viel Wertsch\u00e4tzung und w\u00fcnscht ihm alles Gute f\u00fcr die Zukunft. <\/p>\n<p>Team Zandvoorts Museum<\/p>\n","protected":false},"excerpt":{"rendered":"<p>Das Zandvoorts Museum beginnt dieses Jahr mit einem besonderen Moment: Peter van Delft hat seine Aufgaben als Schatzmeister und Fundraiser \u00fcbergeben. Seit der Professionalisierung des Museums im Jahr 2018 ist Van Delft eine treibende Kraft hinter der Organisation gewesen. Das Museum blickt mit gro\u00dfem Stolz und Dankbarkeit auf sieben Jahre au\u00dfergew\u00f6hnlichen Engagements zur\u00fcck. Als Schatzmeister [&hellip;]<\/p>\n","protected":false},"author":6,"featured_media":4466,"comment_status":"closed","ping_status":"closed","sticky":false,"template":"","format":"standard","meta":{"_acf_changed":false,"inline_featured_image":false,"footnotes":""},"categories":[102],"tags":[117,119,118,104],"class_list":["post-4464","post","type-post","status-publish","format-standard","has-post-thumbnail","hentry","category-nachrichten","tag-peter-van-delft","tag-schatzmeister","tag-vorstand","tag-zandvoorts-museum"],"acf":[],"yoast_head":"<!-- This site is optimized with the Yoast SEO plugin v27.3 - https:\/\/yoast.com\/product\/yoast-seo-wordpress\/ -->\n<title>Peter van Delft sagt Danke - Zandvoorts Museum<\/title>\n<meta name=\"description\" content=\"Das Zandvoorts Museum dankt Peter van Delft f\u00fcr seinen jahrelangen, uneigenn\u00fctzigen Einsatz als Schatzmeister und Fundraiser f\u00fcr das Museum.\" \/>\n<meta name=\"robots\" content=\"index, follow, max-snippet:-1, max-image-preview:large, max-video-preview:-1\" \/>\n<link rel=\"canonical\" href=\"https:\/\/zandvoortsmuseum.nl\/de\/2026\/01\/02\/peter-van-delft-sagt-danke\/\" \/>\n<meta property=\"og:locale\" content=\"de_DE\" \/>\n<meta property=\"og:type\" content=\"article\" \/>\n<meta property=\"og:title\" content=\"Peter van Delft sagt Danke - Zandvoorts Museum\" \/>\n<meta property=\"og:description\" content=\"Das Zandvoorts Museum dankt Peter van Delft f\u00fcr seinen jahrelangen, uneigenn\u00fctzigen Einsatz als Schatzmeister und Fundraiser f\u00fcr das Museum.\" \/>\n<meta property=\"og:url\" content=\"https:\/\/zandvoortsmuseum.nl\/de\/2026\/01\/02\/peter-van-delft-sagt-danke\/\" \/>\n<meta property=\"og:site_name\" content=\"Zandvoorts Museum\" \/>\n<meta property=\"article:publisher\" content=\"https:\/\/www.facebook.com\/MuseumZandvoort\" \/>\n<meta property=\"article:published_time\" content=\"2026-01-02T08:00:03+00:00\" \/>\n<meta property=\"og:image\" content=\"https:\/\/zandvoortsmuseum.nl\/wp-content\/uploads\/2025\/12\/Peter-van-Delft-portret-1920.jpg\" \/>\n\t<meta property=\"og:image:width\" content=\"1920\" \/>\n\t<meta property=\"og:image:height\" content=\"1080\" \/>\n\t<meta property=\"og:image:type\" content=\"image\/jpeg\" \/>\n<meta name=\"author\" content=\"marketing\" \/>\n<meta name=\"twitter:card\" content=\"summary_large_image\" \/>\n<meta name=\"twitter:label1\" content=\"Verfasst von\" \/>\n\t<meta name=\"twitter:data1\" content=\"marketing\" \/>\n\t<meta name=\"twitter:label2\" content=\"Gesch\u00e4tzte Lesezeit\" \/>\n\t<meta name=\"twitter:data2\" content=\"1\u00a0Minute\" \/>\n<script type=\"application\/ld+json\" class=\"yoast-schema-graph\">{\"@context\":\"https:\\\/\\\/schema.org\",\"@graph\":[{\"@type\":\"Article\",\"@id\":\"https:\\\/\\\/zandvoortsmuseum.nl\\\/de\\\/2026\\\/01\\\/02\\\/peter-van-delft-sagt-danke\\\/#article\",\"isPartOf\":{\"@id\":\"https:\\\/\\\/zandvoortsmuseum.nl\\\/de\\\/2026\\\/01\\\/02\\\/peter-van-delft-sagt-danke\\\/\"},\"author\":{\"name\":\"marketing\",\"@id\":\"https:\\\/\\\/zandvoortsmuseum.nl\\\/de\\\/#\\\/schema\\\/person\\\/97f3ec5c255747da82629fb0f67d5342\"},\"headline\":\"Peter van Delft sagt Danke\",\"datePublished\":\"2026-01-02T08:00:03+00:00\",\"mainEntityOfPage\":{\"@id\":\"https:\\\/\\\/zandvoortsmuseum.nl\\\/de\\\/2026\\\/01\\\/02\\\/peter-van-delft-sagt-danke\\\/\"},\"wordCount\":205,\"publisher\":{\"@id\":\"https:\\\/\\\/zandvoortsmuseum.nl\\\/de\\\/#organization\"},\"image\":{\"@id\":\"https:\\\/\\\/zandvoortsmuseum.nl\\\/de\\\/2026\\\/01\\\/02\\\/peter-van-delft-sagt-danke\\\/#primaryimage\"},\"thumbnailUrl\":\"https:\\\/\\\/zandvoortsmuseum.nl\\\/wp-content\\\/uploads\\\/2025\\\/12\\\/Peter-van-Delft-portret-1920.jpg\",\"keywords\":[\"Peter van Delft\",\"Schatzmeister\",\"Vorstand\",\"Zandvoorts Museum\"],\"articleSection\":[\"Nachrichten\"],\"inLanguage\":\"de\"},{\"@type\":\"WebPage\",\"@id\":\"https:\\\/\\\/zandvoortsmuseum.nl\\\/de\\\/2026\\\/01\\\/02\\\/peter-van-delft-sagt-danke\\\/\",\"url\":\"https:\\\/\\\/zandvoortsmuseum.nl\\\/de\\\/2026\\\/01\\\/02\\\/peter-van-delft-sagt-danke\\\/\",\"name\":\"Peter van Delft sagt Danke - Zandvoorts Museum\",\"isPartOf\":{\"@id\":\"https:\\\/\\\/zandvoortsmuseum.nl\\\/de\\\/#website\"},\"primaryImageOfPage\":{\"@id\":\"https:\\\/\\\/zandvoortsmuseum.nl\\\/de\\\/2026\\\/01\\\/02\\\/peter-van-delft-sagt-danke\\\/#primaryimage\"},\"image\":{\"@id\":\"https:\\\/\\\/zandvoortsmuseum.nl\\\/de\\\/2026\\\/01\\\/02\\\/peter-van-delft-sagt-danke\\\/#primaryimage\"},\"thumbnailUrl\":\"https:\\\/\\\/zandvoortsmuseum.nl\\\/wp-content\\\/uploads\\\/2025\\\/12\\\/Peter-van-Delft-portret-1920.jpg\",\"datePublished\":\"2026-01-02T08:00:03+00:00\",\"description\":\"Das Zandvoorts Museum dankt Peter van Delft f\u00fcr seinen jahrelangen, uneigenn\u00fctzigen Einsatz als Schatzmeister und Fundraiser f\u00fcr das Museum.\",\"breadcrumb\":{\"@id\":\"https:\\\/\\\/zandvoortsmuseum.nl\\\/de\\\/2026\\\/01\\\/02\\\/peter-van-delft-sagt-danke\\\/#breadcrumb\"},\"inLanguage\":\"de\",\"potentialAction\":[{\"@type\":\"ReadAction\",\"target\":[\"https:\\\/\\\/zandvoortsmuseum.nl\\\/de\\\/2026\\\/01\\\/02\\\/peter-van-delft-sagt-danke\\\/\"]}]},{\"@type\":\"ImageObject\",\"inLanguage\":\"de\",\"@id\":\"https:\\\/\\\/zandvoortsmuseum.nl\\\/de\\\/2026\\\/01\\\/02\\\/peter-van-delft-sagt-danke\\\/#primaryimage\",\"url\":\"https:\\\/\\\/zandvoortsmuseum.nl\\\/wp-content\\\/uploads\\\/2025\\\/12\\\/Peter-van-Delft-portret-1920.jpg\",\"contentUrl\":\"https:\\\/\\\/zandvoortsmuseum.nl\\\/wp-content\\\/uploads\\\/2025\\\/12\\\/Peter-van-Delft-portret-1920.jpg\",\"width\":1920,\"height\":1080,\"caption\":\"Peter Van Delft Portr\u00e4t\"},{\"@type\":\"BreadcrumbList\",\"@id\":\"https:\\\/\\\/zandvoortsmuseum.nl\\\/de\\\/2026\\\/01\\\/02\\\/peter-van-delft-sagt-danke\\\/#breadcrumb\",\"itemListElement\":[{\"@type\":\"ListItem\",\"position\":1,\"name\":\"Home\",\"item\":\"https:\\\/\\\/zandvoortsmuseum.nl\\\/de\\\/\"},{\"@type\":\"ListItem\",\"position\":2,\"name\":\"Peter van Delft sagt Danke\"}]},{\"@type\":\"WebSite\",\"@id\":\"https:\\\/\\\/zandvoortsmuseum.nl\\\/de\\\/#website\",\"url\":\"https:\\\/\\\/zandvoortsmuseum.nl\\\/de\\\/\",\"name\":\"Zandvoorts Museum\",\"description\":\"H\u00e9t centrum voor kunst en geschiedenis in Zandvoort.\",\"publisher\":{\"@id\":\"https:\\\/\\\/zandvoortsmuseum.nl\\\/de\\\/#organization\"},\"alternateName\":\"H\u00e9t centrum voor kunst en geschiedenis in Zandvoort\",\"potentialAction\":[{\"@type\":\"SearchAction\",\"target\":{\"@type\":\"EntryPoint\",\"urlTemplate\":\"https:\\\/\\\/zandvoortsmuseum.nl\\\/de\\\/?s={search_term_string}\"},\"query-input\":{\"@type\":\"PropertyValueSpecification\",\"valueRequired\":true,\"valueName\":\"search_term_string\"}}],\"inLanguage\":\"de\"},{\"@type\":\"Organization\",\"@id\":\"https:\\\/\\\/zandvoortsmuseum.nl\\\/de\\\/#organization\",\"name\":\"Zandvoorts Museum\",\"url\":\"https:\\\/\\\/zandvoortsmuseum.nl\\\/de\\\/\",\"logo\":{\"@type\":\"ImageObject\",\"inLanguage\":\"de\",\"@id\":\"https:\\\/\\\/zandvoortsmuseum.nl\\\/de\\\/#\\\/schema\\\/logo\\\/image\\\/\",\"url\":\"https:\\\/\\\/zandvoortsmuseum.nl\\\/wp-content\\\/uploads\\\/2025\\\/08\\\/Zandvoorts-Museum-Logo-zw-min.svg\",\"contentUrl\":\"https:\\\/\\\/zandvoortsmuseum.nl\\\/wp-content\\\/uploads\\\/2025\\\/08\\\/Zandvoorts-Museum-Logo-zw-min.svg\",\"width\":1847,\"height\":412,\"caption\":\"Zandvoorts Museum\"},\"image\":{\"@id\":\"https:\\\/\\\/zandvoortsmuseum.nl\\\/de\\\/#\\\/schema\\\/logo\\\/image\\\/\"},\"sameAs\":[\"https:\\\/\\\/www.facebook.com\\\/MuseumZandvoort\",\"https:\\\/\\\/www.instagram.com\\\/zandvoortsmuseum\\\/\"]},{\"@type\":\"Person\",\"@id\":\"https:\\\/\\\/zandvoortsmuseum.nl\\\/de\\\/#\\\/schema\\\/person\\\/97f3ec5c255747da82629fb0f67d5342\",\"name\":\"marketing\",\"image\":{\"@type\":\"ImageObject\",\"inLanguage\":\"de\",\"@id\":\"https:\\\/\\\/secure.gravatar.com\\\/avatar\\\/62f77f5dd9781161b554332fbd7727c692636cd06ba2ead865ee2a6602c737e0?s=96&r=g\",\"url\":\"https:\\\/\\\/secure.gravatar.com\\\/avatar\\\/62f77f5dd9781161b554332fbd7727c692636cd06ba2ead865ee2a6602c737e0?s=96&r=g\",\"contentUrl\":\"https:\\\/\\\/secure.gravatar.com\\\/avatar\\\/62f77f5dd9781161b554332fbd7727c692636cd06ba2ead865ee2a6602c737e0?s=96&r=g\",\"caption\":\"marketing\"}}]}<\/script>\n<!-- \/ Yoast SEO plugin. -->","yoast_head_json":{"title":"Peter van Delft sagt Danke - Zandvoorts Museum","description":"Das Zandvoorts Museum dankt Peter van Delft f\u00fcr seinen jahrelangen, uneigenn\u00fctzigen Einsatz als Schatzmeister und Fundraiser f\u00fcr das Museum.","robots":{"index":"index","follow":"follow","max-snippet":"max-snippet:-1","max-image-preview":"max-image-preview:large","max-video-preview":"max-video-preview:-1"},"canonical":"https:\/\/zandvoortsmuseum.nl\/de\/2026\/01\/02\/peter-van-delft-sagt-danke\/","og_locale":"de_DE","og_type":"article","og_title":"Peter van Delft sagt Danke - Zandvoorts Museum","og_description":"Das Zandvoorts Museum dankt Peter van Delft f\u00fcr seinen jahrelangen, uneigenn\u00fctzigen Einsatz als Schatzmeister und Fundraiser f\u00fcr das Museum.","og_url":"https:\/\/zandvoortsmuseum.nl\/de\/2026\/01\/02\/peter-van-delft-sagt-danke\/","og_site_name":"Zandvoorts Museum","article_publisher":"https:\/\/www.facebook.com\/MuseumZandvoort","article_published_time":"2026-01-02T08:00:03+00:00","og_image":[{"width":1920,"height":1080,"url":"https:\/\/zandvoortsmuseum.nl\/wp-content\/uploads\/2025\/12\/Peter-van-Delft-portret-1920.jpg","type":"image\/jpeg"}],"author":"marketing","twitter_card":"summary_large_image","twitter_misc":{"Verfasst von":"marketing","Gesch\u00e4tzte Lesezeit":"1\u00a0Minute"},"schema":{"@context":"https:\/\/schema.org","@graph":[{"@type":"Article","@id":"https:\/\/zandvoortsmuseum.nl\/de\/2026\/01\/02\/peter-van-delft-sagt-danke\/#article","isPartOf":{"@id":"https:\/\/zandvoortsmuseum.nl\/de\/2026\/01\/02\/peter-van-delft-sagt-danke\/"},"author":{"name":"marketing","@id":"https:\/\/zandvoortsmuseum.nl\/de\/#\/schema\/person\/97f3ec5c255747da82629fb0f67d5342"},"headline":"Peter van Delft sagt Danke","datePublished":"2026-01-02T08:00:03+00:00","mainEntityOfPage":{"@id":"https:\/\/zandvoortsmuseum.nl\/de\/2026\/01\/02\/peter-van-delft-sagt-danke\/"},"wordCount":205,"publisher":{"@id":"https:\/\/zandvoortsmuseum.nl\/de\/#organization"},"image":{"@id":"https:\/\/zandvoortsmuseum.nl\/de\/2026\/01\/02\/peter-van-delft-sagt-danke\/#primaryimage"},"thumbnailUrl":"https:\/\/zandvoortsmuseum.nl\/wp-content\/uploads\/2025\/12\/Peter-van-Delft-portret-1920.jpg","keywords":["Peter van Delft","Schatzmeister","Vorstand","Zandvoorts Museum"],"articleSection":["Nachrichten"],"inLanguage":"de"},{"@type":"WebPage","@id":"https:\/\/zandvoortsmuseum.nl\/de\/2026\/01\/02\/peter-van-delft-sagt-danke\/","url":"https:\/\/zandvoortsmuseum.nl\/de\/2026\/01\/02\/peter-van-delft-sagt-danke\/","name":"Peter van Delft sagt Danke - Zandvoorts Museum","isPartOf":{"@id":"https:\/\/zandvoortsmuseum.nl\/de\/#website"},"primaryImageOfPage":{"@id":"https:\/\/zandvoortsmuseum.nl\/de\/2026\/01\/02\/peter-van-delft-sagt-danke\/#primaryimage"},"image":{"@id":"https:\/\/zandvoortsmuseum.nl\/de\/2026\/01\/02\/peter-van-delft-sagt-danke\/#primaryimage"},"thumbnailUrl":"https:\/\/zandvoortsmuseum.nl\/wp-content\/uploads\/2025\/12\/Peter-van-Delft-portret-1920.jpg","datePublished":"2026-01-02T08:00:03+00:00","description":"Das Zandvoorts Museum dankt Peter van Delft f\u00fcr seinen jahrelangen, uneigenn\u00fctzigen Einsatz als Schatzmeister und Fundraiser f\u00fcr das Museum.","breadcrumb":{"@id":"https:\/\/zandvoortsmuseum.nl\/de\/2026\/01\/02\/peter-van-delft-sagt-danke\/#breadcrumb"},"inLanguage":"de","potentialAction":[{"@type":"ReadAction","target":["https:\/\/zandvoortsmuseum.nl\/de\/2026\/01\/02\/peter-van-delft-sagt-danke\/"]}]},{"@type":"ImageObject","inLanguage":"de","@id":"https:\/\/zandvoortsmuseum.nl\/de\/2026\/01\/02\/peter-van-delft-sagt-danke\/#primaryimage","url":"https:\/\/zandvoortsmuseum.nl\/wp-content\/uploads\/2025\/12\/Peter-van-Delft-portret-1920.jpg","contentUrl":"https:\/\/zandvoortsmuseum.nl\/wp-content\/uploads\/2025\/12\/Peter-van-Delft-portret-1920.jpg","width":1920,"height":1080,"caption":"Peter Van Delft Portr\u00e4t"},{"@type":"BreadcrumbList","@id":"https:\/\/zandvoortsmuseum.nl\/de\/2026\/01\/02\/peter-van-delft-sagt-danke\/#breadcrumb","itemListElement":[{"@type":"ListItem","position":1,"name":"Home","item":"https:\/\/zandvoortsmuseum.nl\/de\/"},{"@type":"ListItem","position":2,"name":"Peter van Delft sagt Danke"}]},{"@type":"WebSite","@id":"https:\/\/zandvoortsmuseum.nl\/de\/#website","url":"https:\/\/zandvoortsmuseum.nl\/de\/","name":"Zandvoorts Museum","description":"H\u00e9t centrum voor kunst en geschiedenis in Zandvoort.","publisher":{"@id":"https:\/\/zandvoortsmuseum.nl\/de\/#organization"},"alternateName":"H\u00e9t centrum voor kunst en geschiedenis in Zandvoort","potentialAction":[{"@type":"SearchAction","target":{"@type":"EntryPoint","urlTemplate":"https:\/\/zandvoortsmuseum.nl\/de\/?s={search_term_string}"},"query-input":{"@type":"PropertyValueSpecification","valueRequired":true,"valueName":"search_term_string"}}],"inLanguage":"de"},{"@type":"Organization","@id":"https:\/\/zandvoortsmuseum.nl\/de\/#organization","name":"Zandvoorts Museum","url":"https:\/\/zandvoortsmuseum.nl\/de\/","logo":{"@type":"ImageObject","inLanguage":"de","@id":"https:\/\/zandvoortsmuseum.nl\/de\/#\/schema\/logo\/image\/","url":"https:\/\/zandvoortsmuseum.nl\/wp-content\/uploads\/2025\/08\/Zandvoorts-Museum-Logo-zw-min.svg","contentUrl":"https:\/\/zandvoortsmuseum.nl\/wp-content\/uploads\/2025\/08\/Zandvoorts-Museum-Logo-zw-min.svg","width":1847,"height":412,"caption":"Zandvoorts Museum"},"image":{"@id":"https:\/\/zandvoortsmuseum.nl\/de\/#\/schema\/logo\/image\/"},"sameAs":["https:\/\/www.facebook.com\/MuseumZandvoort","https:\/\/www.instagram.com\/zandvoortsmuseum\/"]},{"@type":"Person","@id":"https:\/\/zandvoortsmuseum.nl\/de\/#\/schema\/person\/97f3ec5c255747da82629fb0f67d5342","name":"marketing","image":{"@type":"ImageObject","inLanguage":"de","@id":"https:\/\/secure.gravatar.com\/avatar\/62f77f5dd9781161b554332fbd7727c692636cd06ba2ead865ee2a6602c737e0?s=96&r=g","url":"https:\/\/secure.gravatar.com\/avatar\/62f77f5dd9781161b554332fbd7727c692636cd06ba2ead865ee2a6602c737e0?s=96&r=g","contentUrl":"https:\/\/secure.gravatar.com\/avatar\/62f77f5dd9781161b554332fbd7727c692636cd06ba2ead865ee2a6602c737e0?s=96&r=g","caption":"marketing"}}]}},"_links":{"self":[{"href":"https:\/\/zandvoortsmuseum.nl\/de\/wp-json\/wp\/v2\/posts\/4464","targetHints":{"allow":["GET"]}}],"collection":[{"href":"https:\/\/zandvoortsmuseum.nl\/de\/wp-json\/wp\/v2\/posts"}],"about":[{"href":"https:\/\/zandvoortsmuseum.nl\/de\/wp-json\/wp\/v2\/types\/post"}],"author":[{"embeddable":true,"href":"https:\/\/zandvoortsmuseum.nl\/de\/wp-json\/wp\/v2\/users\/6"}],"replies":[{"embeddable":true,"href":"https:\/\/zandvoortsmuseum.nl\/de\/wp-json\/wp\/v2\/comments?post=4464"}],"version-history":[{"count":0,"href":"https:\/\/zandvoortsmuseum.nl\/de\/wp-json\/wp\/v2\/posts\/4464\/revisions"}],"wp:featuredmedia":[{"embeddable":true,"href":"https:\/\/zandvoortsmuseum.nl\/de\/wp-json\/wp\/v2\/media\/4466"}],"wp:attachment":[{"href":"https:\/\/zandvoortsmuseum.nl\/de\/wp-json\/wp\/v2\/media?parent=4464"}],"wp:term":[{"taxonomy":"category","embeddable":true,"href":"https:\/\/zandvoortsmuseum.nl\/de\/wp-json\/wp\/v2\/categories?post=4464"},{"taxonomy":"post_tag","embeddable":true,"href":"https:\/\/zandvoortsmuseum.nl\/de\/wp-json\/wp\/v2\/tags?post=4464"}],"curies":[{"name":"wp","href":"https:\/\/api.w.org\/{rel}","templated":true}]}}