{"id":4477,"date":"2026-01-22T10:00:48","date_gmt":"2026-01-22T08:00:48","guid":{"rendered":"https:\/\/zandvoortsmuseum.nl\/?p=4477"},"modified":"2026-01-17T15:15:35","modified_gmt":"2026-01-17T13:15:35","slug":"sculpture-now-marlene-sjerps","status":"publish","type":"post","link":"https:\/\/zandvoortsmuseum.nl\/de\/2026\/01\/22\/sculpture-now-marlene-sjerps\/","title":{"rendered":"Sculpture Now! Marl\u00e8ne Sjerps"},"content":{"rendered":"<h1>Sculpture Now!<\/h1>\n<p>Sculpture Now! ist eine Wechselausstellung zum Thema Bildhauerkunst. Diese Ausstellung wird jedes Quartal erneuert.<\/p>\n<h2>Marl\u00e8ne Sjerps<\/h2>\n<p><img fetchpriority=\"high\" decoding=\"async\" class=\"alignnone size-full wp-image-3670\" src=\"https:\/\/zandvoortsmuseum.nl\/wp-content\/uploads\/2025\/09\/Marlene-Sjerps-beelden-scaled.jpg\" alt=\"Marl\u00e8ne Sjerps Skulpturen\" width=\"2560\" height=\"1293\" srcset=\"https:\/\/zandvoortsmuseum.nl\/wp-content\/uploads\/2025\/09\/Marlene-Sjerps-beelden-scaled.jpg 2560w, https:\/\/zandvoortsmuseum.nl\/wp-content\/uploads\/2025\/09\/Marlene-Sjerps-beelden-300x152.jpg 300w, https:\/\/zandvoortsmuseum.nl\/wp-content\/uploads\/2025\/09\/Marlene-Sjerps-beelden-1024x517.jpg 1024w, https:\/\/zandvoortsmuseum.nl\/wp-content\/uploads\/2025\/09\/Marlene-Sjerps-beelden-768x388.jpg 768w, https:\/\/zandvoortsmuseum.nl\/wp-content\/uploads\/2025\/09\/Marlene-Sjerps-beelden-1536x776.jpg 1536w, https:\/\/zandvoortsmuseum.nl\/wp-content\/uploads\/2025\/09\/Marlene-Sjerps-beelden-2048x1034.jpg 2048w\" sizes=\"(max-width: 2560px) 100vw, 2560px\" \/><\/p>\n<p>Vom 31. Januar bis zum 25. Mai 2026 steht das Zandvoorts Museum im Zeichen der expressiven Bildhauerkunst von <strong>Marl\u00e8ne Sjerps<\/strong>. In der Ausstellung <strong>Sculpture Now!<\/strong> zeigt die Zandvoorter K\u00fcnstlerin eine Auswahl ihrer charakteristischsten Bronzeskulpturen.<\/p>\n<p>Sjerps ist bekannt f\u00fcr Skulpturen, in denen Kraft und Verletzlichkeit Hand in Hand gehen. Ihre Arbeit versteht es, Emotionen greifbar zu machen und l\u00e4dt den Besucher ein, \u00fcber die Sch\u00f6nheit der Unvollkommenheit und die Kraft des menschlichen Daseins nachzudenken. Die Ausstellung bringt auch einige ikonische Skulpturen zur\u00fcck, die zuvor entlang des Zandvoorter Boulevards zu bewundern waren und eine starke Verbundenheit mit dem Meer und der Umgebung zeigen.<\/p>\n<p>Mit Sculpture Now! erweist das Zandvoorts Museum eine Hommage an eine K\u00fcnstlerin, die seit Jahrzehnten eine markante Rolle sowohl in der lokalen als auch in der nationalen Kunstwelt spielt.<\/p>\n<p>W\u00e4hrend der Ausstellung finden drei Vortr\u00e4ge von 14.00 bis 15.30 Uhr statt am<\/p>\n<ul>\n<li>Sonntag, 15. Februar 2026<\/li>\n<li>Sonntag, 15. M\u00e4rz 2026<\/li>\n<li>Sonntag, 19. April 2026<\/li>\n<\/ul>\n<p>Kosten 10,- \u20ac (exklusive Museumseintritt)<\/p>\n<p>Die Vortr\u00e4ge k\u00f6nnen jetzt <strong><a href=\"https:\/\/zandvoortsmuseum.nl\/activiteiten\/kracht-in-fragiele-vormen\/\" target=\"_blank\" rel=\"noopener\">hier<\/a> <\/strong>gebucht werden.<\/p>\n","protected":false},"excerpt":{"rendered":"<p>Sculpture Now! Sculpture Now! ist eine Wechselausstellung zum Thema Bildhauerkunst. Diese Ausstellung wird jedes Quartal erneuert. Marl\u00e8ne Sjerps Vom 31. Januar bis zum 25. Mai 2026 steht das Zandvoorts Museum im Zeichen der expressiven Bildhauerkunst von Marl\u00e8ne Sjerps. In der Ausstellung Sculpture Now! zeigt die Zandvoorter K\u00fcnstlerin eine Auswahl ihrer charakteristischsten Bronzeskulpturen. Sjerps ist bekannt [&hellip;]<\/p>\n","protected":false},"author":6,"featured_media":4478,"comment_status":"closed","ping_status":"closed","sticky":false,"template":"","format":"standard","meta":{"_acf_changed":false,"inline_featured_image":false,"footnotes":""},"categories":[102],"tags":[126,127,125,110],"class_list":["post-4477","post","type-post","status-publish","format-standard","has-post-thumbnail","hentry","category-nachrichten","tag-bildhauerkunst","tag-kunst","tag-marlene-sjerps","tag-zandvoort"],"acf":[],"yoast_head":"<!-- This site is optimized with the Yoast SEO plugin v27.3 - https:\/\/yoast.com\/product\/yoast-seo-wordpress\/ -->\n<title>Sculpture Now! Marl\u00e8ne Sjerps - Zandvoorts Museum<\/title>\n<meta name=\"description\" content=\"Vom 31. Januar bis zum 25. Mai 2026 steht das Zandvoorts Museum im Zeichen der expressiven Bildhauerkunst von Marl\u00e8ne Sjerps.\" \/>\n<meta name=\"robots\" content=\"index, follow, max-snippet:-1, max-image-preview:large, max-video-preview:-1\" \/>\n<link rel=\"canonical\" href=\"https:\/\/zandvoortsmuseum.nl\/de\/2026\/01\/22\/sculpture-now-marlene-sjerps\/\" \/>\n<meta property=\"og:locale\" content=\"de_DE\" \/>\n<meta property=\"og:type\" content=\"article\" \/>\n<meta property=\"og:title\" content=\"Sculpture Now! Marl\u00e8ne Sjerps - Zandvoorts Museum\" \/>\n<meta property=\"og:description\" content=\"Vom 31. Januar bis zum 25. Mai 2026 steht das Zandvoorts Museum im Zeichen der expressiven Bildhauerkunst von Marl\u00e8ne Sjerps.\" \/>\n<meta property=\"og:url\" content=\"https:\/\/zandvoortsmuseum.nl\/de\/2026\/01\/22\/sculpture-now-marlene-sjerps\/\" \/>\n<meta property=\"og:site_name\" content=\"Zandvoorts Museum\" \/>\n<meta property=\"article:publisher\" content=\"https:\/\/www.facebook.com\/MuseumZandvoort\" \/>\n<meta property=\"article:published_time\" content=\"2026-01-22T08:00:48+00:00\" \/>\n<meta property=\"og:image\" content=\"https:\/\/zandvoortsmuseum.nl\/wp-content\/uploads\/2025\/09\/Marlene-Sjerps-Beeld-Zandvoort-Boulevard-zonsonderganr.jpg\" \/>\n\t<meta property=\"og:image:width\" content=\"1920\" \/>\n\t<meta property=\"og:image:height\" content=\"1537\" \/>\n\t<meta property=\"og:image:type\" content=\"image\/jpeg\" \/>\n<meta name=\"author\" content=\"marketing\" \/>\n<meta name=\"twitter:card\" content=\"summary_large_image\" \/>\n<meta name=\"twitter:label1\" content=\"Verfasst von\" \/>\n\t<meta name=\"twitter:data1\" content=\"marketing\" \/>\n\t<meta name=\"twitter:label2\" content=\"Gesch\u00e4tzte Lesezeit\" \/>\n\t<meta name=\"twitter:data2\" content=\"1\u00a0Minute\" \/>\n<script type=\"application\/ld+json\" class=\"yoast-schema-graph\">{\"@context\":\"https:\\\/\\\/schema.org\",\"@graph\":[{\"@type\":\"Article\",\"@id\":\"https:\\\/\\\/zandvoortsmuseum.nl\\\/de\\\/2026\\\/01\\\/22\\\/sculpture-now-marlene-sjerps\\\/#article\",\"isPartOf\":{\"@id\":\"https:\\\/\\\/zandvoortsmuseum.nl\\\/de\\\/2026\\\/01\\\/22\\\/sculpture-now-marlene-sjerps\\\/\"},\"author\":{\"name\":\"marketing\",\"@id\":\"https:\\\/\\\/zandvoortsmuseum.nl\\\/de\\\/#\\\/schema\\\/person\\\/97f3ec5c255747da82629fb0f67d5342\"},\"headline\":\"Sculpture Now! Marl\u00e8ne Sjerps\",\"datePublished\":\"2026-01-22T08:00:48+00:00\",\"mainEntityOfPage\":{\"@id\":\"https:\\\/\\\/zandvoortsmuseum.nl\\\/de\\\/2026\\\/01\\\/22\\\/sculpture-now-marlene-sjerps\\\/\"},\"wordCount\":191,\"publisher\":{\"@id\":\"https:\\\/\\\/zandvoortsmuseum.nl\\\/de\\\/#organization\"},\"image\":{\"@id\":\"https:\\\/\\\/zandvoortsmuseum.nl\\\/de\\\/2026\\\/01\\\/22\\\/sculpture-now-marlene-sjerps\\\/#primaryimage\"},\"thumbnailUrl\":\"https:\\\/\\\/zandvoortsmuseum.nl\\\/wp-content\\\/uploads\\\/2025\\\/09\\\/Marlene-Sjerps-Beeld-Zandvoort-Boulevard-zonsonderganr.jpg\",\"keywords\":[\"Bildhauerkunst\",\"Kunst\",\"Marl\u00e8ne Sjerps\",\"Zandvoort\"],\"articleSection\":[\"Nachrichten\"],\"inLanguage\":\"de\"},{\"@type\":\"WebPage\",\"@id\":\"https:\\\/\\\/zandvoortsmuseum.nl\\\/de\\\/2026\\\/01\\\/22\\\/sculpture-now-marlene-sjerps\\\/\",\"url\":\"https:\\\/\\\/zandvoortsmuseum.nl\\\/de\\\/2026\\\/01\\\/22\\\/sculpture-now-marlene-sjerps\\\/\",\"name\":\"Sculpture Now! Marl\u00e8ne Sjerps - Zandvoorts Museum\",\"isPartOf\":{\"@id\":\"https:\\\/\\\/zandvoortsmuseum.nl\\\/de\\\/#website\"},\"primaryImageOfPage\":{\"@id\":\"https:\\\/\\\/zandvoortsmuseum.nl\\\/de\\\/2026\\\/01\\\/22\\\/sculpture-now-marlene-sjerps\\\/#primaryimage\"},\"image\":{\"@id\":\"https:\\\/\\\/zandvoortsmuseum.nl\\\/de\\\/2026\\\/01\\\/22\\\/sculpture-now-marlene-sjerps\\\/#primaryimage\"},\"thumbnailUrl\":\"https:\\\/\\\/zandvoortsmuseum.nl\\\/wp-content\\\/uploads\\\/2025\\\/09\\\/Marlene-Sjerps-Beeld-Zandvoort-Boulevard-zonsonderganr.jpg\",\"datePublished\":\"2026-01-22T08:00:48+00:00\",\"description\":\"Vom 31. Januar bis zum 25. Mai 2026 steht das Zandvoorts Museum im Zeichen der expressiven Bildhauerkunst von Marl\u00e8ne Sjerps.\",\"breadcrumb\":{\"@id\":\"https:\\\/\\\/zandvoortsmuseum.nl\\\/de\\\/2026\\\/01\\\/22\\\/sculpture-now-marlene-sjerps\\\/#breadcrumb\"},\"inLanguage\":\"de\",\"potentialAction\":[{\"@type\":\"ReadAction\",\"target\":[\"https:\\\/\\\/zandvoortsmuseum.nl\\\/de\\\/2026\\\/01\\\/22\\\/sculpture-now-marlene-sjerps\\\/\"]}]},{\"@type\":\"ImageObject\",\"inLanguage\":\"de\",\"@id\":\"https:\\\/\\\/zandvoortsmuseum.nl\\\/de\\\/2026\\\/01\\\/22\\\/sculpture-now-marlene-sjerps\\\/#primaryimage\",\"url\":\"https:\\\/\\\/zandvoortsmuseum.nl\\\/wp-content\\\/uploads\\\/2025\\\/09\\\/Marlene-Sjerps-Beeld-Zandvoort-Boulevard-zonsonderganr.jpg\",\"contentUrl\":\"https:\\\/\\\/zandvoortsmuseum.nl\\\/wp-content\\\/uploads\\\/2025\\\/09\\\/Marlene-Sjerps-Beeld-Zandvoort-Boulevard-zonsonderganr.jpg\",\"width\":1920,\"height\":1537,\"caption\":\"Marl\u00e8ne Sjerps Skulptur Boulevard Zandvoort\"},{\"@type\":\"BreadcrumbList\",\"@id\":\"https:\\\/\\\/zandvoortsmuseum.nl\\\/de\\\/2026\\\/01\\\/22\\\/sculpture-now-marlene-sjerps\\\/#breadcrumb\",\"itemListElement\":[{\"@type\":\"ListItem\",\"position\":1,\"name\":\"Home\",\"item\":\"https:\\\/\\\/zandvoortsmuseum.nl\\\/de\\\/\"},{\"@type\":\"ListItem\",\"position\":2,\"name\":\"Sculpture Now! Marl\u00e8ne Sjerps\"}]},{\"@type\":\"WebSite\",\"@id\":\"https:\\\/\\\/zandvoortsmuseum.nl\\\/de\\\/#website\",\"url\":\"https:\\\/\\\/zandvoortsmuseum.nl\\\/de\\\/\",\"name\":\"Zandvoorts Museum\",\"description\":\"H\u00e9t centrum voor kunst en geschiedenis in Zandvoort.\",\"publisher\":{\"@id\":\"https:\\\/\\\/zandvoortsmuseum.nl\\\/de\\\/#organization\"},\"alternateName\":\"H\u00e9t centrum voor kunst en geschiedenis in Zandvoort\",\"potentialAction\":[{\"@type\":\"SearchAction\",\"target\":{\"@type\":\"EntryPoint\",\"urlTemplate\":\"https:\\\/\\\/zandvoortsmuseum.nl\\\/de\\\/?s={search_term_string}\"},\"query-input\":{\"@type\":\"PropertyValueSpecification\",\"valueRequired\":true,\"valueName\":\"search_term_string\"}}],\"inLanguage\":\"de\"},{\"@type\":\"Organization\",\"@id\":\"https:\\\/\\\/zandvoortsmuseum.nl\\\/de\\\/#organization\",\"name\":\"Zandvoorts Museum\",\"url\":\"https:\\\/\\\/zandvoortsmuseum.nl\\\/de\\\/\",\"logo\":{\"@type\":\"ImageObject\",\"inLanguage\":\"de\",\"@id\":\"https:\\\/\\\/zandvoortsmuseum.nl\\\/de\\\/#\\\/schema\\\/logo\\\/image\\\/\",\"url\":\"https:\\\/\\\/zandvoortsmuseum.nl\\\/wp-content\\\/uploads\\\/2025\\\/08\\\/Zandvoorts-Museum-Logo-zw-min.svg\",\"contentUrl\":\"https:\\\/\\\/zandvoortsmuseum.nl\\\/wp-content\\\/uploads\\\/2025\\\/08\\\/Zandvoorts-Museum-Logo-zw-min.svg\",\"width\":1847,\"height\":412,\"caption\":\"Zandvoorts Museum\"},\"image\":{\"@id\":\"https:\\\/\\\/zandvoortsmuseum.nl\\\/de\\\/#\\\/schema\\\/logo\\\/image\\\/\"},\"sameAs\":[\"https:\\\/\\\/www.facebook.com\\\/MuseumZandvoort\",\"https:\\\/\\\/www.instagram.com\\\/zandvoortsmuseum\\\/\"]},{\"@type\":\"Person\",\"@id\":\"https:\\\/\\\/zandvoortsmuseum.nl\\\/de\\\/#\\\/schema\\\/person\\\/97f3ec5c255747da82629fb0f67d5342\",\"name\":\"marketing\",\"image\":{\"@type\":\"ImageObject\",\"inLanguage\":\"de\",\"@id\":\"https:\\\/\\\/secure.gravatar.com\\\/avatar\\\/62f77f5dd9781161b554332fbd7727c692636cd06ba2ead865ee2a6602c737e0?s=96&r=g\",\"url\":\"https:\\\/\\\/secure.gravatar.com\\\/avatar\\\/62f77f5dd9781161b554332fbd7727c692636cd06ba2ead865ee2a6602c737e0?s=96&r=g\",\"contentUrl\":\"https:\\\/\\\/secure.gravatar.com\\\/avatar\\\/62f77f5dd9781161b554332fbd7727c692636cd06ba2ead865ee2a6602c737e0?s=96&r=g\",\"caption\":\"marketing\"}}]}<\/script>\n<!-- \/ Yoast SEO plugin. -->","yoast_head_json":{"title":"Sculpture Now! Marl\u00e8ne Sjerps - Zandvoorts Museum","description":"Vom 31. Januar bis zum 25. Mai 2026 steht das Zandvoorts Museum im Zeichen der expressiven Bildhauerkunst von Marl\u00e8ne Sjerps.","robots":{"index":"index","follow":"follow","max-snippet":"max-snippet:-1","max-image-preview":"max-image-preview:large","max-video-preview":"max-video-preview:-1"},"canonical":"https:\/\/zandvoortsmuseum.nl\/de\/2026\/01\/22\/sculpture-now-marlene-sjerps\/","og_locale":"de_DE","og_type":"article","og_title":"Sculpture Now! Marl\u00e8ne Sjerps - Zandvoorts Museum","og_description":"Vom 31. Januar bis zum 25. Mai 2026 steht das Zandvoorts Museum im Zeichen der expressiven Bildhauerkunst von Marl\u00e8ne Sjerps.","og_url":"https:\/\/zandvoortsmuseum.nl\/de\/2026\/01\/22\/sculpture-now-marlene-sjerps\/","og_site_name":"Zandvoorts Museum","article_publisher":"https:\/\/www.facebook.com\/MuseumZandvoort","article_published_time":"2026-01-22T08:00:48+00:00","og_image":[{"width":1920,"height":1537,"url":"https:\/\/zandvoortsmuseum.nl\/wp-content\/uploads\/2025\/09\/Marlene-Sjerps-Beeld-Zandvoort-Boulevard-zonsonderganr.jpg","type":"image\/jpeg"}],"author":"marketing","twitter_card":"summary_large_image","twitter_misc":{"Verfasst von":"marketing","Gesch\u00e4tzte Lesezeit":"1\u00a0Minute"},"schema":{"@context":"https:\/\/schema.org","@graph":[{"@type":"Article","@id":"https:\/\/zandvoortsmuseum.nl\/de\/2026\/01\/22\/sculpture-now-marlene-sjerps\/#article","isPartOf":{"@id":"https:\/\/zandvoortsmuseum.nl\/de\/2026\/01\/22\/sculpture-now-marlene-sjerps\/"},"author":{"name":"marketing","@id":"https:\/\/zandvoortsmuseum.nl\/de\/#\/schema\/person\/97f3ec5c255747da82629fb0f67d5342"},"headline":"Sculpture Now! Marl\u00e8ne Sjerps","datePublished":"2026-01-22T08:00:48+00:00","mainEntityOfPage":{"@id":"https:\/\/zandvoortsmuseum.nl\/de\/2026\/01\/22\/sculpture-now-marlene-sjerps\/"},"wordCount":191,"publisher":{"@id":"https:\/\/zandvoortsmuseum.nl\/de\/#organization"},"image":{"@id":"https:\/\/zandvoortsmuseum.nl\/de\/2026\/01\/22\/sculpture-now-marlene-sjerps\/#primaryimage"},"thumbnailUrl":"https:\/\/zandvoortsmuseum.nl\/wp-content\/uploads\/2025\/09\/Marlene-Sjerps-Beeld-Zandvoort-Boulevard-zonsonderganr.jpg","keywords":["Bildhauerkunst","Kunst","Marl\u00e8ne Sjerps","Zandvoort"],"articleSection":["Nachrichten"],"inLanguage":"de"},{"@type":"WebPage","@id":"https:\/\/zandvoortsmuseum.nl\/de\/2026\/01\/22\/sculpture-now-marlene-sjerps\/","url":"https:\/\/zandvoortsmuseum.nl\/de\/2026\/01\/22\/sculpture-now-marlene-sjerps\/","name":"Sculpture Now! Marl\u00e8ne Sjerps - Zandvoorts Museum","isPartOf":{"@id":"https:\/\/zandvoortsmuseum.nl\/de\/#website"},"primaryImageOfPage":{"@id":"https:\/\/zandvoortsmuseum.nl\/de\/2026\/01\/22\/sculpture-now-marlene-sjerps\/#primaryimage"},"image":{"@id":"https:\/\/zandvoortsmuseum.nl\/de\/2026\/01\/22\/sculpture-now-marlene-sjerps\/#primaryimage"},"thumbnailUrl":"https:\/\/zandvoortsmuseum.nl\/wp-content\/uploads\/2025\/09\/Marlene-Sjerps-Beeld-Zandvoort-Boulevard-zonsonderganr.jpg","datePublished":"2026-01-22T08:00:48+00:00","description":"Vom 31. Januar bis zum 25. Mai 2026 steht das Zandvoorts Museum im Zeichen der expressiven Bildhauerkunst von Marl\u00e8ne Sjerps.","breadcrumb":{"@id":"https:\/\/zandvoortsmuseum.nl\/de\/2026\/01\/22\/sculpture-now-marlene-sjerps\/#breadcrumb"},"inLanguage":"de","potentialAction":[{"@type":"ReadAction","target":["https:\/\/zandvoortsmuseum.nl\/de\/2026\/01\/22\/sculpture-now-marlene-sjerps\/"]}]},{"@type":"ImageObject","inLanguage":"de","@id":"https:\/\/zandvoortsmuseum.nl\/de\/2026\/01\/22\/sculpture-now-marlene-sjerps\/#primaryimage","url":"https:\/\/zandvoortsmuseum.nl\/wp-content\/uploads\/2025\/09\/Marlene-Sjerps-Beeld-Zandvoort-Boulevard-zonsonderganr.jpg","contentUrl":"https:\/\/zandvoortsmuseum.nl\/wp-content\/uploads\/2025\/09\/Marlene-Sjerps-Beeld-Zandvoort-Boulevard-zonsonderganr.jpg","width":1920,"height":1537,"caption":"Marl\u00e8ne Sjerps Skulptur Boulevard Zandvoort"},{"@type":"BreadcrumbList","@id":"https:\/\/zandvoortsmuseum.nl\/de\/2026\/01\/22\/sculpture-now-marlene-sjerps\/#breadcrumb","itemListElement":[{"@type":"ListItem","position":1,"name":"Home","item":"https:\/\/zandvoortsmuseum.nl\/de\/"},{"@type":"ListItem","position":2,"name":"Sculpture Now! Marl\u00e8ne Sjerps"}]},{"@type":"WebSite","@id":"https:\/\/zandvoortsmuseum.nl\/de\/#website","url":"https:\/\/zandvoortsmuseum.nl\/de\/","name":"Zandvoorts Museum","description":"H\u00e9t centrum voor kunst en geschiedenis in Zandvoort.","publisher":{"@id":"https:\/\/zandvoortsmuseum.nl\/de\/#organization"},"alternateName":"H\u00e9t centrum voor kunst en geschiedenis in Zandvoort","potentialAction":[{"@type":"SearchAction","target":{"@type":"EntryPoint","urlTemplate":"https:\/\/zandvoortsmuseum.nl\/de\/?s={search_term_string}"},"query-input":{"@type":"PropertyValueSpecification","valueRequired":true,"valueName":"search_term_string"}}],"inLanguage":"de"},{"@type":"Organization","@id":"https:\/\/zandvoortsmuseum.nl\/de\/#organization","name":"Zandvoorts Museum","url":"https:\/\/zandvoortsmuseum.nl\/de\/","logo":{"@type":"ImageObject","inLanguage":"de","@id":"https:\/\/zandvoortsmuseum.nl\/de\/#\/schema\/logo\/image\/","url":"https:\/\/zandvoortsmuseum.nl\/wp-content\/uploads\/2025\/08\/Zandvoorts-Museum-Logo-zw-min.svg","contentUrl":"https:\/\/zandvoortsmuseum.nl\/wp-content\/uploads\/2025\/08\/Zandvoorts-Museum-Logo-zw-min.svg","width":1847,"height":412,"caption":"Zandvoorts Museum"},"image":{"@id":"https:\/\/zandvoortsmuseum.nl\/de\/#\/schema\/logo\/image\/"},"sameAs":["https:\/\/www.facebook.com\/MuseumZandvoort","https:\/\/www.instagram.com\/zandvoortsmuseum\/"]},{"@type":"Person","@id":"https:\/\/zandvoortsmuseum.nl\/de\/#\/schema\/person\/97f3ec5c255747da82629fb0f67d5342","name":"marketing","image":{"@type":"ImageObject","inLanguage":"de","@id":"https:\/\/secure.gravatar.com\/avatar\/62f77f5dd9781161b554332fbd7727c692636cd06ba2ead865ee2a6602c737e0?s=96&r=g","url":"https:\/\/secure.gravatar.com\/avatar\/62f77f5dd9781161b554332fbd7727c692636cd06ba2ead865ee2a6602c737e0?s=96&r=g","contentUrl":"https:\/\/secure.gravatar.com\/avatar\/62f77f5dd9781161b554332fbd7727c692636cd06ba2ead865ee2a6602c737e0?s=96&r=g","caption":"marketing"}}]}},"_links":{"self":[{"href":"https:\/\/zandvoortsmuseum.nl\/de\/wp-json\/wp\/v2\/posts\/4477","targetHints":{"allow":["GET"]}}],"collection":[{"href":"https:\/\/zandvoortsmuseum.nl\/de\/wp-json\/wp\/v2\/posts"}],"about":[{"href":"https:\/\/zandvoortsmuseum.nl\/de\/wp-json\/wp\/v2\/types\/post"}],"author":[{"embeddable":true,"href":"https:\/\/zandvoortsmuseum.nl\/de\/wp-json\/wp\/v2\/users\/6"}],"replies":[{"embeddable":true,"href":"https:\/\/zandvoortsmuseum.nl\/de\/wp-json\/wp\/v2\/comments?post=4477"}],"version-history":[{"count":1,"href":"https:\/\/zandvoortsmuseum.nl\/de\/wp-json\/wp\/v2\/posts\/4477\/revisions"}],"predecessor-version":[{"id":5111,"href":"https:\/\/zandvoortsmuseum.nl\/de\/wp-json\/wp\/v2\/posts\/4477\/revisions\/5111"}],"wp:featuredmedia":[{"embeddable":true,"href":"https:\/\/zandvoortsmuseum.nl\/de\/wp-json\/wp\/v2\/media\/4478"}],"wp:attachment":[{"href":"https:\/\/zandvoortsmuseum.nl\/de\/wp-json\/wp\/v2\/media?parent=4477"}],"wp:term":[{"taxonomy":"category","embeddable":true,"href":"https:\/\/zandvoortsmuseum.nl\/de\/wp-json\/wp\/v2\/categories?post=4477"},{"taxonomy":"post_tag","embeddable":true,"href":"https:\/\/zandvoortsmuseum.nl\/de\/wp-json\/wp\/v2\/tags?post=4477"}],"curies":[{"name":"wp","href":"https:\/\/api.w.org\/{rel}","templated":true}]}}