{"id":4480,"date":"2025-11-14T01:05:16","date_gmt":"2025-11-13T23:05:16","guid":{"rendered":"https:\/\/zandvoortsmuseum.nl\/2025\/11\/14\/zandvoorts-museum-auf-nh-nieuws\/"},"modified":"2025-11-14T01:05:16","modified_gmt":"2025-11-13T23:05:16","slug":"zandvoorts-museum-auf-nh-nieuws","status":"publish","type":"post","link":"https:\/\/zandvoortsmuseum.nl\/de\/2025\/11\/14\/zandvoorts-museum-auf-nh-nieuws\/","title":{"rendered":"Zandvoorts Museum auf NH Nieuws"},"content":{"rendered":"<h1>Ein Museum f\u00fcr Amsterdam<\/h1>\n<p>Am Sonntag, den 16. November, ist das Zandvoorts Museum ab 17:10 Uhr in der Videoserie \u201eEin Museum f\u00fcr Amsterdam\u201c auf NH Nieuws zu sehen. F\u00fcr die Serie wurde im Zandvoorts Museum bei der Ausstellung <a href=\"https:\/\/zandvoortsmuseum.nl\/tentoonstelling\/art-in-residence-kunstlogies\/\" target=\"_blank\" rel=\"noopener\">Art in Residence<\/a> gefilmt. In dieser Ausstellung sind Werke aus dem Amsterdam Museum zu sehen.  <\/p>\n<h2>Interview<\/h2>\n<figure id=\"attachment_2559\" aria-describedby=\"caption-attachment-2559\" style=\"width: 1600px\" class=\"wp-caption alignnone\"><img fetchpriority=\"high\" decoding=\"async\" class=\"size-full wp-image-2559\" src=\"https:\/\/zandvoortsmuseum.nl\/wp-content\/uploads\/2025\/10\/ZM-NH-Nieuws-opname-Judith-en-Fokelien.jpg\" alt=\"ZM NH Nieuws Aufnahme Judith En Fokelien\" width=\"1600\" height=\"1200\" srcset=\"https:\/\/zandvoortsmuseum.nl\/wp-content\/uploads\/2025\/10\/ZM-NH-Nieuws-opname-Judith-en-Fokelien.jpg 1600w, https:\/\/zandvoortsmuseum.nl\/wp-content\/uploads\/2025\/10\/ZM-NH-Nieuws-opname-Judith-en-Fokelien-300x225.jpg 300w, https:\/\/zandvoortsmuseum.nl\/wp-content\/uploads\/2025\/10\/ZM-NH-Nieuws-opname-Judith-en-Fokelien-1024x768.jpg 1024w, https:\/\/zandvoortsmuseum.nl\/wp-content\/uploads\/2025\/10\/ZM-NH-Nieuws-opname-Judith-en-Fokelien-768x576.jpg 768w, https:\/\/zandvoortsmuseum.nl\/wp-content\/uploads\/2025\/10\/ZM-NH-Nieuws-opname-Judith-en-Fokelien-1536x1152.jpg 1536w\" sizes=\"(max-width: 1600px) 100vw, 1600px\" \/><figcaption id=\"caption-attachment-2559\" class=\"wp-caption-text\">Judith van Ghent und Fokelien Renckens-Stenneberg bei 2 Gem\u00e4lden aus der Sammlung des Amsterdam Museums.<\/figcaption><\/figure>\n<p>Am 2. Oktober wurden die Direktorin a.i. des Zandvoorts Museums, Fokelien Renckens-Stenneberg, zusammen mit Judith van Gent, Leiterin der Sammlung <a href=\"https:\/\/www.amsterdammuseum.nl\/?gad_source=1&amp;gad_campaignid=19554139326&amp;gbraid=0AAAAADjxriCjO0MhnTUB5mcN2xr4lLQHf&amp;gclid=CjwKCAjw6P3GBhBVEiwAJPjmLpk0Sqrp_ZWZuiRBDSXvDKG7kiuiOErkHIVL6PPcWvhgrS8PuzewiRoCtiAQAvD_BwE\" target=\"_blank\" rel=\"noopener\">Amsterdam Museum<\/a>, von NH Nieuws interviewt. Ein Bericht \u00fcber diesen Besuch ist <a href=\"https:\/\/zandvoortsmuseum.nl\/2025\/10\/03\/opnames-nh-nieuws\/\" target=\"_blank\" rel=\"noopener\">hier<\/a> zu lesen. Die Aufnahmen fanden im Zandvoorts Museum statt, da das Amsterdam Museum derzeit renoviert wird. Das Video &#8216;<a href=\"https:\/\/www.nhnieuws.nl\/nieuws\/354297\/schilderijen-amsterdam-museum-gaan-uit-logeren\" target=\"_blank\" rel=\"noopener\">Schilderijen Amsterdam Museum gaan uit logeren&#8217;<\/a> ist jetzt online auf NH Nieuws zu sehen.   <\/p>\n<h3>Amsterdam Museum Renovierung<\/h3>\n<figure id=\"attachment_3729\" aria-describedby=\"caption-attachment-3729\" style=\"width: 1920px\" class=\"wp-caption alignnone\"><img decoding=\"async\" class=\"size-full wp-image-3729\" src=\"https:\/\/zandvoortsmuseum.nl\/wp-content\/uploads\/2025\/11\/Interview-NH-Nieuws-Fokelien-Renckens-Stenneberg.jpg\" alt=\"Interview NH Nieuws Fokelien Renckens Stenneberg\" width=\"1920\" height=\"1064\" srcset=\"https:\/\/zandvoortsmuseum.nl\/wp-content\/uploads\/2025\/11\/Interview-NH-Nieuws-Fokelien-Renckens-Stenneberg.jpg 1920w, https:\/\/zandvoortsmuseum.nl\/wp-content\/uploads\/2025\/11\/Interview-NH-Nieuws-Fokelien-Renckens-Stenneberg-300x166.jpg 300w, https:\/\/zandvoortsmuseum.nl\/wp-content\/uploads\/2025\/11\/Interview-NH-Nieuws-Fokelien-Renckens-Stenneberg-1024x567.jpg 1024w, https:\/\/zandvoortsmuseum.nl\/wp-content\/uploads\/2025\/11\/Interview-NH-Nieuws-Fokelien-Renckens-Stenneberg-768x426.jpg 768w, https:\/\/zandvoortsmuseum.nl\/wp-content\/uploads\/2025\/11\/Interview-NH-Nieuws-Fokelien-Renckens-Stenneberg-1536x851.jpg 1536w\" sizes=\"(max-width: 1920px) 100vw, 1920px\" \/><figcaption id=\"caption-attachment-3729\" class=\"wp-caption-text\">Interview NH Nieuws Fokelien Renckens Stenneberg<\/figcaption><\/figure>\n<p>Der Hauptstandort des Amsterdam Museums befindet sich in einem wundersch\u00f6nen monumentalen Geb\u00e4ude im Stadtzentrum an der Kalverstraat: dem ehemaligen Burgerweeshuis. Das Amsterdam Museum wird renoviert und im Jahr 2028 er\u00f6ffnet. Das Museum befindet sich vor\u00fcbergehend an der Herengracht in Amsterdam.  <\/p>\n<h4>Zandvoorts Museum Neues Geb\u00e4ude<\/h4>\n<figure id=\"attachment_3731\" aria-describedby=\"caption-attachment-3731\" style=\"width: 1920px\" class=\"wp-caption alignnone\"><img decoding=\"async\" class=\"size-full wp-image-3731\" src=\"https:\/\/zandvoortsmuseum.nl\/wp-content\/uploads\/2025\/11\/NH-Nieuws-Fokelien-Renckens-Stenneberg-Jozef-Israels.png\" alt=\"NH Nieuws Fokelien Renckens Stenneberg Jozef Israels\" width=\"1920\" height=\"1080\" srcset=\"https:\/\/zandvoortsmuseum.nl\/wp-content\/uploads\/2025\/11\/NH-Nieuws-Fokelien-Renckens-Stenneberg-Jozef-Israels.png 1920w, https:\/\/zandvoortsmuseum.nl\/wp-content\/uploads\/2025\/11\/NH-Nieuws-Fokelien-Renckens-Stenneberg-Jozef-Israels-300x169.png 300w, https:\/\/zandvoortsmuseum.nl\/wp-content\/uploads\/2025\/11\/NH-Nieuws-Fokelien-Renckens-Stenneberg-Jozef-Israels-1024x576.png 1024w, https:\/\/zandvoortsmuseum.nl\/wp-content\/uploads\/2025\/11\/NH-Nieuws-Fokelien-Renckens-Stenneberg-Jozef-Israels-768x432.png 768w, https:\/\/zandvoortsmuseum.nl\/wp-content\/uploads\/2025\/11\/NH-Nieuws-Fokelien-Renckens-Stenneberg-Jozef-Israels-1536x864.png 1536w\" sizes=\"(max-width: 1920px) 100vw, 1920px\" \/><figcaption id=\"caption-attachment-3731\" class=\"wp-caption-text\">NH Nieuws Fokelien Renckens Stenneberg bei Jozef Isra\u00ebls Gem\u00e4lde<\/figcaption><\/figure>\n<p>Anf\u00e4nglich wurden Aufnahmen f\u00fcr die Geschichte \u00fcber das Amsterdam Museum gemacht, aber der Umzug des Zandvoorts Museums in das neue Geb\u00e4ude zeigt Parallelen. Im Videobericht wird dies hervorgehoben. Am 16. November ist das Video bei NH Nieuws ab 17:10 Uhr im Fernsehen zu sehen. NH Nieuws ist bei Ziggo auf Kanal 30 und bei KPN auf Kanal 509 zu sehen. Danach ist das Video auch online zu sehen.    <\/p>\n<p>&nbsp;<\/p>\n","protected":false},"excerpt":{"rendered":"<p>Ein Museum f\u00fcr Amsterdam Am Sonntag, den 16. November, ist das Zandvoorts Museum ab 17:10 Uhr in der Videoserie \u201eEin Museum f\u00fcr Amsterdam\u201c auf NH Nieuws zu sehen. F\u00fcr die Serie wurde im Zandvoorts Museum bei der Ausstellung Art in Residence gefilmt. In dieser Ausstellung sind Werke aus dem Amsterdam Museum zu sehen. Interview Am [&hellip;]<\/p>\n","protected":false},"author":6,"featured_media":4481,"comment_status":"closed","ping_status":"closed","sticky":false,"template":"","format":"standard","meta":{"_acf_changed":false,"inline_featured_image":false,"footnotes":""},"categories":[102],"tags":[130,131,133,129,132],"class_list":["post-4480","post","type-post","status-publish","format-standard","has-post-thumbnail","hentry","category-nachrichten","tag-amsterdam-museum","tag-art-in-residence","tag-interview","tag-nh-nieuws","tag-tv"],"acf":[],"yoast_head":"<!-- This site is optimized with the Yoast SEO plugin v27.3 - https:\/\/yoast.com\/product\/yoast-seo-wordpress\/ -->\n<title>Zandvoorts Museum auf NH Nieuws - Zandvoorts Museum<\/title>\n<meta name=\"description\" content=\"Am Sonntag, den 16. November, ist das Zandvoorts Museum ab 17:10 Uhr in der Videoserie \u201eEin Museum f\u00fcr Amsterdam\u201c auf NH Nieuws zu sehen.\" \/>\n<meta name=\"robots\" content=\"index, follow, max-snippet:-1, max-image-preview:large, max-video-preview:-1\" \/>\n<link rel=\"canonical\" href=\"https:\/\/zandvoortsmuseum.nl\/de\/2025\/11\/14\/zandvoorts-museum-auf-nh-nieuws\/\" \/>\n<meta property=\"og:locale\" content=\"de_DE\" \/>\n<meta property=\"og:type\" content=\"article\" \/>\n<meta property=\"og:title\" content=\"Zandvoorts Museum auf NH Nieuws - Zandvoorts Museum\" \/>\n<meta property=\"og:description\" content=\"Am Sonntag, den 16. November, ist das Zandvoorts Museum ab 17:10 Uhr in der Videoserie \u201eEin Museum f\u00fcr Amsterdam\u201c auf NH Nieuws zu sehen.\" \/>\n<meta property=\"og:url\" content=\"https:\/\/zandvoortsmuseum.nl\/de\/2025\/11\/14\/zandvoorts-museum-auf-nh-nieuws\/\" \/>\n<meta property=\"og:site_name\" content=\"Zandvoorts Museum\" \/>\n<meta property=\"article:publisher\" content=\"https:\/\/www.facebook.com\/MuseumZandvoort\" \/>\n<meta property=\"article:published_time\" content=\"2025-11-13T23:05:16+00:00\" \/>\n<meta property=\"og:image\" content=\"https:\/\/zandvoortsmuseum.nl\/wp-content\/uploads\/2025\/11\/NH-Nieuws-Zandvoorts-Museum.jpg\" \/>\n\t<meta property=\"og:image:width\" content=\"980\" \/>\n\t<meta property=\"og:image:height\" content=\"1200\" \/>\n\t<meta property=\"og:image:type\" content=\"image\/jpeg\" \/>\n<meta name=\"author\" content=\"marketing\" \/>\n<meta name=\"twitter:card\" content=\"summary_large_image\" \/>\n<meta name=\"twitter:label1\" content=\"Verfasst von\" \/>\n\t<meta name=\"twitter:data1\" content=\"marketing\" \/>\n\t<meta name=\"twitter:label2\" content=\"Gesch\u00e4tzte Lesezeit\" \/>\n\t<meta name=\"twitter:data2\" content=\"1\u00a0Minute\" \/>\n<script type=\"application\/ld+json\" class=\"yoast-schema-graph\">{\"@context\":\"https:\\\/\\\/schema.org\",\"@graph\":[{\"@type\":\"Article\",\"@id\":\"https:\\\/\\\/zandvoortsmuseum.nl\\\/de\\\/2025\\\/11\\\/14\\\/zandvoorts-museum-auf-nh-nieuws\\\/#article\",\"isPartOf\":{\"@id\":\"https:\\\/\\\/zandvoortsmuseum.nl\\\/de\\\/2025\\\/11\\\/14\\\/zandvoorts-museum-auf-nh-nieuws\\\/\"},\"author\":{\"name\":\"marketing\",\"@id\":\"https:\\\/\\\/zandvoortsmuseum.nl\\\/de\\\/#\\\/schema\\\/person\\\/97f3ec5c255747da82629fb0f67d5342\"},\"headline\":\"Zandvoorts Museum auf NH Nieuws\",\"datePublished\":\"2025-11-13T23:05:16+00:00\",\"mainEntityOfPage\":{\"@id\":\"https:\\\/\\\/zandvoortsmuseum.nl\\\/de\\\/2025\\\/11\\\/14\\\/zandvoorts-museum-auf-nh-nieuws\\\/\"},\"wordCount\":297,\"publisher\":{\"@id\":\"https:\\\/\\\/zandvoortsmuseum.nl\\\/de\\\/#organization\"},\"image\":{\"@id\":\"https:\\\/\\\/zandvoortsmuseum.nl\\\/de\\\/2025\\\/11\\\/14\\\/zandvoorts-museum-auf-nh-nieuws\\\/#primaryimage\"},\"thumbnailUrl\":\"https:\\\/\\\/zandvoortsmuseum.nl\\\/wp-content\\\/uploads\\\/2025\\\/11\\\/NH-Nieuws-Zandvoorts-Museum.jpg\",\"keywords\":[\"amsterdam museum\",\"Art in Residence\",\"interview\",\"NH nieuws\",\"TV\"],\"articleSection\":[\"Nachrichten\"],\"inLanguage\":\"de\"},{\"@type\":\"WebPage\",\"@id\":\"https:\\\/\\\/zandvoortsmuseum.nl\\\/de\\\/2025\\\/11\\\/14\\\/zandvoorts-museum-auf-nh-nieuws\\\/\",\"url\":\"https:\\\/\\\/zandvoortsmuseum.nl\\\/de\\\/2025\\\/11\\\/14\\\/zandvoorts-museum-auf-nh-nieuws\\\/\",\"name\":\"Zandvoorts Museum auf NH Nieuws - Zandvoorts Museum\",\"isPartOf\":{\"@id\":\"https:\\\/\\\/zandvoortsmuseum.nl\\\/de\\\/#website\"},\"primaryImageOfPage\":{\"@id\":\"https:\\\/\\\/zandvoortsmuseum.nl\\\/de\\\/2025\\\/11\\\/14\\\/zandvoorts-museum-auf-nh-nieuws\\\/#primaryimage\"},\"image\":{\"@id\":\"https:\\\/\\\/zandvoortsmuseum.nl\\\/de\\\/2025\\\/11\\\/14\\\/zandvoorts-museum-auf-nh-nieuws\\\/#primaryimage\"},\"thumbnailUrl\":\"https:\\\/\\\/zandvoortsmuseum.nl\\\/wp-content\\\/uploads\\\/2025\\\/11\\\/NH-Nieuws-Zandvoorts-Museum.jpg\",\"datePublished\":\"2025-11-13T23:05:16+00:00\",\"description\":\"Am Sonntag, den 16. November, ist das Zandvoorts Museum ab 17:10 Uhr in der Videoserie \u201eEin Museum f\u00fcr Amsterdam\u201c auf NH Nieuws zu sehen.\",\"breadcrumb\":{\"@id\":\"https:\\\/\\\/zandvoortsmuseum.nl\\\/de\\\/2025\\\/11\\\/14\\\/zandvoorts-museum-auf-nh-nieuws\\\/#breadcrumb\"},\"inLanguage\":\"de\",\"potentialAction\":[{\"@type\":\"ReadAction\",\"target\":[\"https:\\\/\\\/zandvoortsmuseum.nl\\\/de\\\/2025\\\/11\\\/14\\\/zandvoorts-museum-auf-nh-nieuws\\\/\"]}]},{\"@type\":\"ImageObject\",\"inLanguage\":\"de\",\"@id\":\"https:\\\/\\\/zandvoortsmuseum.nl\\\/de\\\/2025\\\/11\\\/14\\\/zandvoorts-museum-auf-nh-nieuws\\\/#primaryimage\",\"url\":\"https:\\\/\\\/zandvoortsmuseum.nl\\\/wp-content\\\/uploads\\\/2025\\\/11\\\/NH-Nieuws-Zandvoorts-Museum.jpg\",\"contentUrl\":\"https:\\\/\\\/zandvoortsmuseum.nl\\\/wp-content\\\/uploads\\\/2025\\\/11\\\/NH-Nieuws-Zandvoorts-Museum.jpg\",\"width\":980,\"height\":1200,\"caption\":\"NH Nieuws Zandvoorts Museum\"},{\"@type\":\"BreadcrumbList\",\"@id\":\"https:\\\/\\\/zandvoortsmuseum.nl\\\/de\\\/2025\\\/11\\\/14\\\/zandvoorts-museum-auf-nh-nieuws\\\/#breadcrumb\",\"itemListElement\":[{\"@type\":\"ListItem\",\"position\":1,\"name\":\"Home\",\"item\":\"https:\\\/\\\/zandvoortsmuseum.nl\\\/de\\\/\"},{\"@type\":\"ListItem\",\"position\":2,\"name\":\"Zandvoorts Museum auf NH Nieuws\"}]},{\"@type\":\"WebSite\",\"@id\":\"https:\\\/\\\/zandvoortsmuseum.nl\\\/de\\\/#website\",\"url\":\"https:\\\/\\\/zandvoortsmuseum.nl\\\/de\\\/\",\"name\":\"Zandvoorts Museum\",\"description\":\"H\u00e9t centrum voor kunst en geschiedenis in Zandvoort.\",\"publisher\":{\"@id\":\"https:\\\/\\\/zandvoortsmuseum.nl\\\/de\\\/#organization\"},\"alternateName\":\"H\u00e9t centrum voor kunst en geschiedenis in Zandvoort\",\"potentialAction\":[{\"@type\":\"SearchAction\",\"target\":{\"@type\":\"EntryPoint\",\"urlTemplate\":\"https:\\\/\\\/zandvoortsmuseum.nl\\\/de\\\/?s={search_term_string}\"},\"query-input\":{\"@type\":\"PropertyValueSpecification\",\"valueRequired\":true,\"valueName\":\"search_term_string\"}}],\"inLanguage\":\"de\"},{\"@type\":\"Organization\",\"@id\":\"https:\\\/\\\/zandvoortsmuseum.nl\\\/de\\\/#organization\",\"name\":\"Zandvoorts Museum\",\"url\":\"https:\\\/\\\/zandvoortsmuseum.nl\\\/de\\\/\",\"logo\":{\"@type\":\"ImageObject\",\"inLanguage\":\"de\",\"@id\":\"https:\\\/\\\/zandvoortsmuseum.nl\\\/de\\\/#\\\/schema\\\/logo\\\/image\\\/\",\"url\":\"https:\\\/\\\/zandvoortsmuseum.nl\\\/wp-content\\\/uploads\\\/2025\\\/08\\\/Zandvoorts-Museum-Logo-zw-min.svg\",\"contentUrl\":\"https:\\\/\\\/zandvoortsmuseum.nl\\\/wp-content\\\/uploads\\\/2025\\\/08\\\/Zandvoorts-Museum-Logo-zw-min.svg\",\"width\":1847,\"height\":412,\"caption\":\"Zandvoorts Museum\"},\"image\":{\"@id\":\"https:\\\/\\\/zandvoortsmuseum.nl\\\/de\\\/#\\\/schema\\\/logo\\\/image\\\/\"},\"sameAs\":[\"https:\\\/\\\/www.facebook.com\\\/MuseumZandvoort\",\"https:\\\/\\\/www.instagram.com\\\/zandvoortsmuseum\\\/\"]},{\"@type\":\"Person\",\"@id\":\"https:\\\/\\\/zandvoortsmuseum.nl\\\/de\\\/#\\\/schema\\\/person\\\/97f3ec5c255747da82629fb0f67d5342\",\"name\":\"marketing\",\"image\":{\"@type\":\"ImageObject\",\"inLanguage\":\"de\",\"@id\":\"https:\\\/\\\/secure.gravatar.com\\\/avatar\\\/62f77f5dd9781161b554332fbd7727c692636cd06ba2ead865ee2a6602c737e0?s=96&r=g\",\"url\":\"https:\\\/\\\/secure.gravatar.com\\\/avatar\\\/62f77f5dd9781161b554332fbd7727c692636cd06ba2ead865ee2a6602c737e0?s=96&r=g\",\"contentUrl\":\"https:\\\/\\\/secure.gravatar.com\\\/avatar\\\/62f77f5dd9781161b554332fbd7727c692636cd06ba2ead865ee2a6602c737e0?s=96&r=g\",\"caption\":\"marketing\"}}]}<\/script>\n<!-- \/ Yoast SEO plugin. -->","yoast_head_json":{"title":"Zandvoorts Museum auf NH Nieuws - Zandvoorts Museum","description":"Am Sonntag, den 16. November, ist das Zandvoorts Museum ab 17:10 Uhr in der Videoserie \u201eEin Museum f\u00fcr Amsterdam\u201c auf NH Nieuws zu sehen.","robots":{"index":"index","follow":"follow","max-snippet":"max-snippet:-1","max-image-preview":"max-image-preview:large","max-video-preview":"max-video-preview:-1"},"canonical":"https:\/\/zandvoortsmuseum.nl\/de\/2025\/11\/14\/zandvoorts-museum-auf-nh-nieuws\/","og_locale":"de_DE","og_type":"article","og_title":"Zandvoorts Museum auf NH Nieuws - Zandvoorts Museum","og_description":"Am Sonntag, den 16. November, ist das Zandvoorts Museum ab 17:10 Uhr in der Videoserie \u201eEin Museum f\u00fcr Amsterdam\u201c auf NH Nieuws zu sehen.","og_url":"https:\/\/zandvoortsmuseum.nl\/de\/2025\/11\/14\/zandvoorts-museum-auf-nh-nieuws\/","og_site_name":"Zandvoorts Museum","article_publisher":"https:\/\/www.facebook.com\/MuseumZandvoort","article_published_time":"2025-11-13T23:05:16+00:00","og_image":[{"width":980,"height":1200,"url":"https:\/\/zandvoortsmuseum.nl\/wp-content\/uploads\/2025\/11\/NH-Nieuws-Zandvoorts-Museum.jpg","type":"image\/jpeg"}],"author":"marketing","twitter_card":"summary_large_image","twitter_misc":{"Verfasst von":"marketing","Gesch\u00e4tzte Lesezeit":"1\u00a0Minute"},"schema":{"@context":"https:\/\/schema.org","@graph":[{"@type":"Article","@id":"https:\/\/zandvoortsmuseum.nl\/de\/2025\/11\/14\/zandvoorts-museum-auf-nh-nieuws\/#article","isPartOf":{"@id":"https:\/\/zandvoortsmuseum.nl\/de\/2025\/11\/14\/zandvoorts-museum-auf-nh-nieuws\/"},"author":{"name":"marketing","@id":"https:\/\/zandvoortsmuseum.nl\/de\/#\/schema\/person\/97f3ec5c255747da82629fb0f67d5342"},"headline":"Zandvoorts Museum auf NH Nieuws","datePublished":"2025-11-13T23:05:16+00:00","mainEntityOfPage":{"@id":"https:\/\/zandvoortsmuseum.nl\/de\/2025\/11\/14\/zandvoorts-museum-auf-nh-nieuws\/"},"wordCount":297,"publisher":{"@id":"https:\/\/zandvoortsmuseum.nl\/de\/#organization"},"image":{"@id":"https:\/\/zandvoortsmuseum.nl\/de\/2025\/11\/14\/zandvoorts-museum-auf-nh-nieuws\/#primaryimage"},"thumbnailUrl":"https:\/\/zandvoortsmuseum.nl\/wp-content\/uploads\/2025\/11\/NH-Nieuws-Zandvoorts-Museum.jpg","keywords":["amsterdam museum","Art in Residence","interview","NH nieuws","TV"],"articleSection":["Nachrichten"],"inLanguage":"de"},{"@type":"WebPage","@id":"https:\/\/zandvoortsmuseum.nl\/de\/2025\/11\/14\/zandvoorts-museum-auf-nh-nieuws\/","url":"https:\/\/zandvoortsmuseum.nl\/de\/2025\/11\/14\/zandvoorts-museum-auf-nh-nieuws\/","name":"Zandvoorts Museum auf NH Nieuws - Zandvoorts Museum","isPartOf":{"@id":"https:\/\/zandvoortsmuseum.nl\/de\/#website"},"primaryImageOfPage":{"@id":"https:\/\/zandvoortsmuseum.nl\/de\/2025\/11\/14\/zandvoorts-museum-auf-nh-nieuws\/#primaryimage"},"image":{"@id":"https:\/\/zandvoortsmuseum.nl\/de\/2025\/11\/14\/zandvoorts-museum-auf-nh-nieuws\/#primaryimage"},"thumbnailUrl":"https:\/\/zandvoortsmuseum.nl\/wp-content\/uploads\/2025\/11\/NH-Nieuws-Zandvoorts-Museum.jpg","datePublished":"2025-11-13T23:05:16+00:00","description":"Am Sonntag, den 16. November, ist das Zandvoorts Museum ab 17:10 Uhr in der Videoserie \u201eEin Museum f\u00fcr Amsterdam\u201c auf NH Nieuws zu sehen.","breadcrumb":{"@id":"https:\/\/zandvoortsmuseum.nl\/de\/2025\/11\/14\/zandvoorts-museum-auf-nh-nieuws\/#breadcrumb"},"inLanguage":"de","potentialAction":[{"@type":"ReadAction","target":["https:\/\/zandvoortsmuseum.nl\/de\/2025\/11\/14\/zandvoorts-museum-auf-nh-nieuws\/"]}]},{"@type":"ImageObject","inLanguage":"de","@id":"https:\/\/zandvoortsmuseum.nl\/de\/2025\/11\/14\/zandvoorts-museum-auf-nh-nieuws\/#primaryimage","url":"https:\/\/zandvoortsmuseum.nl\/wp-content\/uploads\/2025\/11\/NH-Nieuws-Zandvoorts-Museum.jpg","contentUrl":"https:\/\/zandvoortsmuseum.nl\/wp-content\/uploads\/2025\/11\/NH-Nieuws-Zandvoorts-Museum.jpg","width":980,"height":1200,"caption":"NH Nieuws Zandvoorts Museum"},{"@type":"BreadcrumbList","@id":"https:\/\/zandvoortsmuseum.nl\/de\/2025\/11\/14\/zandvoorts-museum-auf-nh-nieuws\/#breadcrumb","itemListElement":[{"@type":"ListItem","position":1,"name":"Home","item":"https:\/\/zandvoortsmuseum.nl\/de\/"},{"@type":"ListItem","position":2,"name":"Zandvoorts Museum auf NH Nieuws"}]},{"@type":"WebSite","@id":"https:\/\/zandvoortsmuseum.nl\/de\/#website","url":"https:\/\/zandvoortsmuseum.nl\/de\/","name":"Zandvoorts Museum","description":"H\u00e9t centrum voor kunst en geschiedenis in Zandvoort.","publisher":{"@id":"https:\/\/zandvoortsmuseum.nl\/de\/#organization"},"alternateName":"H\u00e9t centrum voor kunst en geschiedenis in Zandvoort","potentialAction":[{"@type":"SearchAction","target":{"@type":"EntryPoint","urlTemplate":"https:\/\/zandvoortsmuseum.nl\/de\/?s={search_term_string}"},"query-input":{"@type":"PropertyValueSpecification","valueRequired":true,"valueName":"search_term_string"}}],"inLanguage":"de"},{"@type":"Organization","@id":"https:\/\/zandvoortsmuseum.nl\/de\/#organization","name":"Zandvoorts Museum","url":"https:\/\/zandvoortsmuseum.nl\/de\/","logo":{"@type":"ImageObject","inLanguage":"de","@id":"https:\/\/zandvoortsmuseum.nl\/de\/#\/schema\/logo\/image\/","url":"https:\/\/zandvoortsmuseum.nl\/wp-content\/uploads\/2025\/08\/Zandvoorts-Museum-Logo-zw-min.svg","contentUrl":"https:\/\/zandvoortsmuseum.nl\/wp-content\/uploads\/2025\/08\/Zandvoorts-Museum-Logo-zw-min.svg","width":1847,"height":412,"caption":"Zandvoorts Museum"},"image":{"@id":"https:\/\/zandvoortsmuseum.nl\/de\/#\/schema\/logo\/image\/"},"sameAs":["https:\/\/www.facebook.com\/MuseumZandvoort","https:\/\/www.instagram.com\/zandvoortsmuseum\/"]},{"@type":"Person","@id":"https:\/\/zandvoortsmuseum.nl\/de\/#\/schema\/person\/97f3ec5c255747da82629fb0f67d5342","name":"marketing","image":{"@type":"ImageObject","inLanguage":"de","@id":"https:\/\/secure.gravatar.com\/avatar\/62f77f5dd9781161b554332fbd7727c692636cd06ba2ead865ee2a6602c737e0?s=96&r=g","url":"https:\/\/secure.gravatar.com\/avatar\/62f77f5dd9781161b554332fbd7727c692636cd06ba2ead865ee2a6602c737e0?s=96&r=g","contentUrl":"https:\/\/secure.gravatar.com\/avatar\/62f77f5dd9781161b554332fbd7727c692636cd06ba2ead865ee2a6602c737e0?s=96&r=g","caption":"marketing"}}]}},"_links":{"self":[{"href":"https:\/\/zandvoortsmuseum.nl\/de\/wp-json\/wp\/v2\/posts\/4480","targetHints":{"allow":["GET"]}}],"collection":[{"href":"https:\/\/zandvoortsmuseum.nl\/de\/wp-json\/wp\/v2\/posts"}],"about":[{"href":"https:\/\/zandvoortsmuseum.nl\/de\/wp-json\/wp\/v2\/types\/post"}],"author":[{"embeddable":true,"href":"https:\/\/zandvoortsmuseum.nl\/de\/wp-json\/wp\/v2\/users\/6"}],"replies":[{"embeddable":true,"href":"https:\/\/zandvoortsmuseum.nl\/de\/wp-json\/wp\/v2\/comments?post=4480"}],"version-history":[{"count":0,"href":"https:\/\/zandvoortsmuseum.nl\/de\/wp-json\/wp\/v2\/posts\/4480\/revisions"}],"wp:featuredmedia":[{"embeddable":true,"href":"https:\/\/zandvoortsmuseum.nl\/de\/wp-json\/wp\/v2\/media\/4481"}],"wp:attachment":[{"href":"https:\/\/zandvoortsmuseum.nl\/de\/wp-json\/wp\/v2\/media?parent=4480"}],"wp:term":[{"taxonomy":"category","embeddable":true,"href":"https:\/\/zandvoortsmuseum.nl\/de\/wp-json\/wp\/v2\/categories?post=4480"},{"taxonomy":"post_tag","embeddable":true,"href":"https:\/\/zandvoortsmuseum.nl\/de\/wp-json\/wp\/v2\/tags?post=4480"}],"curies":[{"name":"wp","href":"https:\/\/api.w.org\/{rel}","templated":true}]}}