{"id":4492,"date":"2025-09-21T13:08:04","date_gmt":"2025-09-21T11:08:04","guid":{"rendered":"https:\/\/zandvoortsmuseum.nl\/2025\/09\/21\/tag-der-offenen-tuer-zandvoorts-museum\/"},"modified":"2025-09-21T13:08:04","modified_gmt":"2025-09-21T11:08:04","slug":"tag-der-offenen-tuer-zandvoorts-museum","status":"publish","type":"post","link":"https:\/\/zandvoortsmuseum.nl\/de\/2025\/09\/21\/tag-der-offenen-tuer-zandvoorts-museum\/","title":{"rendered":"Tag der offenen T\u00fcr Zandvoorts Museum"},"content":{"rendered":"<h1>Tag der offenen T\u00fcr Zandvoorts Museum<\/h1>\n<p>Am 20. September 2025 fand der Tag der offenen T\u00fcr des Zandvoorts Museums statt. Unter gro\u00dfem Interesse wurden die neuen R\u00e4umlichkeiten in der Louis Davidsstraat 19 besucht. Nachfolgend ein Foto-Impression unseres Fotografen Joyce Goverde.  <img fetchpriority=\"high\" decoding=\"async\" class=\"alignnone wp-image-2167 size-full\" src=\"https:\/\/zandvoortsmuseum.nl\/wp-content\/uploads\/2025\/09\/Zandvoorts-Museum-Open-Dag-2025-1858.jpg\" alt=\"Zandvoorts Museum Tag der offenen T\u00fcr 2025\" width=\"1200\" height=\"800\" srcset=\"https:\/\/zandvoortsmuseum.nl\/wp-content\/uploads\/2025\/09\/Zandvoorts-Museum-Open-Dag-2025-1858.jpg 1200w, https:\/\/zandvoortsmuseum.nl\/wp-content\/uploads\/2025\/09\/Zandvoorts-Museum-Open-Dag-2025-1858-300x200.jpg 300w, https:\/\/zandvoortsmuseum.nl\/wp-content\/uploads\/2025\/09\/Zandvoorts-Museum-Open-Dag-2025-1858-1024x683.jpg 1024w, https:\/\/zandvoortsmuseum.nl\/wp-content\/uploads\/2025\/09\/Zandvoorts-Museum-Open-Dag-2025-1858-768x512.jpg 768w\" sizes=\"(max-width: 1200px) 100vw, 1200px\" \/><img decoding=\"async\" class=\"alignnone size-full wp-image-2170\" src=\"https:\/\/zandvoortsmuseum.nl\/wp-content\/uploads\/2025\/09\/Zandvoorts-Museum-Open-Dag-2025-2058.jpg\" alt=\"Zandvoorts Museum Tag der offenen T\u00fcr 2025\" width=\"1200\" height=\"800\" srcset=\"https:\/\/zandvoortsmuseum.nl\/wp-content\/uploads\/2025\/09\/Zandvoorts-Museum-Open-Dag-2025-2058.jpg 1200w, https:\/\/zandvoortsmuseum.nl\/wp-content\/uploads\/2025\/09\/Zandvoorts-Museum-Open-Dag-2025-2058-300x200.jpg 300w, https:\/\/zandvoortsmuseum.nl\/wp-content\/uploads\/2025\/09\/Zandvoorts-Museum-Open-Dag-2025-2058-1024x683.jpg 1024w, https:\/\/zandvoortsmuseum.nl\/wp-content\/uploads\/2025\/09\/Zandvoorts-Museum-Open-Dag-2025-2058-768x512.jpg 768w\" sizes=\"(max-width: 1200px) 100vw, 1200px\" \/><img decoding=\"async\" class=\"alignnone size-full wp-image-2163\" src=\"https:\/\/zandvoortsmuseum.nl\/wp-content\/uploads\/2025\/09\/Zandvoorts-Museum-Open-Dag-2025-2182.jpg\" alt=\"Zandvoorts Museum Tag der offenen T\u00fcr 2025\" width=\"1200\" height=\"800\" srcset=\"https:\/\/zandvoortsmuseum.nl\/wp-content\/uploads\/2025\/09\/Zandvoorts-Museum-Open-Dag-2025-2182.jpg 1200w, https:\/\/zandvoortsmuseum.nl\/wp-content\/uploads\/2025\/09\/Zandvoorts-Museum-Open-Dag-2025-2182-300x200.jpg 300w, https:\/\/zandvoortsmuseum.nl\/wp-content\/uploads\/2025\/09\/Zandvoorts-Museum-Open-Dag-2025-2182-1024x683.jpg 1024w, https:\/\/zandvoortsmuseum.nl\/wp-content\/uploads\/2025\/09\/Zandvoorts-Museum-Open-Dag-2025-2182-768x512.jpg 768w\" sizes=\"(max-width: 1200px) 100vw, 1200px\" \/><img loading=\"lazy\" decoding=\"async\" class=\"alignnone size-full wp-image-2157\" src=\"https:\/\/zandvoortsmuseum.nl\/wp-content\/uploads\/2025\/09\/Zandvoorts-Museum-Open-Dag-2025-2118.jpg\" alt=\"Zandvoorts Museum Tag der offenen T\u00fcr 2025\" width=\"1200\" height=\"800\" srcset=\"https:\/\/zandvoortsmuseum.nl\/wp-content\/uploads\/2025\/09\/Zandvoorts-Museum-Open-Dag-2025-2118.jpg 1200w, https:\/\/zandvoortsmuseum.nl\/wp-content\/uploads\/2025\/09\/Zandvoorts-Museum-Open-Dag-2025-2118-300x200.jpg 300w, https:\/\/zandvoortsmuseum.nl\/wp-content\/uploads\/2025\/09\/Zandvoorts-Museum-Open-Dag-2025-2118-1024x683.jpg 1024w, https:\/\/zandvoortsmuseum.nl\/wp-content\/uploads\/2025\/09\/Zandvoorts-Museum-Open-Dag-2025-2118-768x512.jpg 768w\" sizes=\"(max-width: 1200px) 100vw, 1200px\" \/><img loading=\"lazy\" decoding=\"async\" class=\"alignnone size-full wp-image-2156\" src=\"https:\/\/zandvoortsmuseum.nl\/wp-content\/uploads\/2025\/09\/Zandvoorts-Museum-Open-Dag-2025-2285.jpg\" alt=\"Zandvoorts Museum Tag der offenen T\u00fcr 2025\" width=\"1200\" height=\"800\" srcset=\"https:\/\/zandvoortsmuseum.nl\/wp-content\/uploads\/2025\/09\/Zandvoorts-Museum-Open-Dag-2025-2285.jpg 1200w, https:\/\/zandvoortsmuseum.nl\/wp-content\/uploads\/2025\/09\/Zandvoorts-Museum-Open-Dag-2025-2285-300x200.jpg 300w, https:\/\/zandvoortsmuseum.nl\/wp-content\/uploads\/2025\/09\/Zandvoorts-Museum-Open-Dag-2025-2285-1024x683.jpg 1024w, https:\/\/zandvoortsmuseum.nl\/wp-content\/uploads\/2025\/09\/Zandvoorts-Museum-Open-Dag-2025-2285-768x512.jpg 768w\" sizes=\"(max-width: 1200px) 100vw, 1200px\" \/><img loading=\"lazy\" decoding=\"async\" class=\"alignnone size-full wp-image-2164\" src=\"https:\/\/zandvoortsmuseum.nl\/wp-content\/uploads\/2025\/09\/Zandvoorts-Museum-Open-Dag-2025-2194.jpg\" alt=\"Zandvoorts Museum Tag der offenen T\u00fcr 2025\" width=\"1200\" height=\"800\" srcset=\"https:\/\/zandvoortsmuseum.nl\/wp-content\/uploads\/2025\/09\/Zandvoorts-Museum-Open-Dag-2025-2194.jpg 1200w, https:\/\/zandvoortsmuseum.nl\/wp-content\/uploads\/2025\/09\/Zandvoorts-Museum-Open-Dag-2025-2194-300x200.jpg 300w, https:\/\/zandvoortsmuseum.nl\/wp-content\/uploads\/2025\/09\/Zandvoorts-Museum-Open-Dag-2025-2194-1024x683.jpg 1024w, https:\/\/zandvoortsmuseum.nl\/wp-content\/uploads\/2025\/09\/Zandvoorts-Museum-Open-Dag-2025-2194-768x512.jpg 768w\" sizes=\"(max-width: 1200px) 100vw, 1200px\" \/> <img loading=\"lazy\" decoding=\"async\" class=\"alignnone size-full wp-image-2165\" src=\"https:\/\/zandvoortsmuseum.nl\/wp-content\/uploads\/2025\/09\/Zandvoorts-Museum-Open-Dag-2025-2013.jpg\" alt=\"Zandvoorts Museum Tag der offenen T\u00fcr 2025\" width=\"1200\" height=\"800\" srcset=\"https:\/\/zandvoortsmuseum.nl\/wp-content\/uploads\/2025\/09\/Zandvoorts-Museum-Open-Dag-2025-2013.jpg 1200w, https:\/\/zandvoortsmuseum.nl\/wp-content\/uploads\/2025\/09\/Zandvoorts-Museum-Open-Dag-2025-2013-300x200.jpg 300w, https:\/\/zandvoortsmuseum.nl\/wp-content\/uploads\/2025\/09\/Zandvoorts-Museum-Open-Dag-2025-2013-1024x683.jpg 1024w, https:\/\/zandvoortsmuseum.nl\/wp-content\/uploads\/2025\/09\/Zandvoorts-Museum-Open-Dag-2025-2013-768x512.jpg 768w\" sizes=\"(max-width: 1200px) 100vw, 1200px\" \/> <img loading=\"lazy\" decoding=\"async\" class=\"alignnone size-full wp-image-2166\" src=\"https:\/\/zandvoortsmuseum.nl\/wp-content\/uploads\/2025\/09\/Zandvoorts-Museum-Open-Dag-2025-1732.jpg\" alt=\"Zandvoorts Museum Tag der offenen T\u00fcr 2025\" width=\"1200\" height=\"800\" srcset=\"https:\/\/zandvoortsmuseum.nl\/wp-content\/uploads\/2025\/09\/Zandvoorts-Museum-Open-Dag-2025-1732.jpg 1200w, https:\/\/zandvoortsmuseum.nl\/wp-content\/uploads\/2025\/09\/Zandvoorts-Museum-Open-Dag-2025-1732-300x200.jpg 300w, https:\/\/zandvoortsmuseum.nl\/wp-content\/uploads\/2025\/09\/Zandvoorts-Museum-Open-Dag-2025-1732-1024x683.jpg 1024w, https:\/\/zandvoortsmuseum.nl\/wp-content\/uploads\/2025\/09\/Zandvoorts-Museum-Open-Dag-2025-1732-768x512.jpg 768w\" sizes=\"(max-width: 1200px) 100vw, 1200px\" \/> <img loading=\"lazy\" decoding=\"async\" class=\"alignnone size-full wp-image-2168\" src=\"https:\/\/zandvoortsmuseum.nl\/wp-content\/uploads\/2025\/09\/Zandvoorts-Museum-Open-Dag-2025-1695.jpg\" alt=\"Zandvoorts Museum Tag der offenen T\u00fcr 2025\" width=\"1200\" height=\"800\" srcset=\"https:\/\/zandvoortsmuseum.nl\/wp-content\/uploads\/2025\/09\/Zandvoorts-Museum-Open-Dag-2025-1695.jpg 1200w, https:\/\/zandvoortsmuseum.nl\/wp-content\/uploads\/2025\/09\/Zandvoorts-Museum-Open-Dag-2025-1695-300x200.jpg 300w, https:\/\/zandvoortsmuseum.nl\/wp-content\/uploads\/2025\/09\/Zandvoorts-Museum-Open-Dag-2025-1695-1024x683.jpg 1024w, https:\/\/zandvoortsmuseum.nl\/wp-content\/uploads\/2025\/09\/Zandvoorts-Museum-Open-Dag-2025-1695-768x512.jpg 768w\" sizes=\"(max-width: 1200px) 100vw, 1200px\" \/>  <img loading=\"lazy\" decoding=\"async\" class=\"alignnone size-full wp-image-2171\" src=\"https:\/\/zandvoortsmuseum.nl\/wp-content\/uploads\/2025\/09\/Zandvoorts-Museum-Open-Dag-2025-2265.jpg\" alt=\"Zandvoorts Museum Tag der offenen T\u00fcr 2025\" width=\"1200\" height=\"800\" srcset=\"https:\/\/zandvoortsmuseum.nl\/wp-content\/uploads\/2025\/09\/Zandvoorts-Museum-Open-Dag-2025-2265.jpg 1200w, https:\/\/zandvoortsmuseum.nl\/wp-content\/uploads\/2025\/09\/Zandvoorts-Museum-Open-Dag-2025-2265-300x200.jpg 300w, https:\/\/zandvoortsmuseum.nl\/wp-content\/uploads\/2025\/09\/Zandvoorts-Museum-Open-Dag-2025-2265-1024x683.jpg 1024w, https:\/\/zandvoortsmuseum.nl\/wp-content\/uploads\/2025\/09\/Zandvoorts-Museum-Open-Dag-2025-2265-768x512.jpg 768w\" sizes=\"(max-width: 1200px) 100vw, 1200px\" \/>   <img loading=\"lazy\" decoding=\"async\" class=\"alignnone size-full wp-image-2172\" src=\"https:\/\/zandvoortsmuseum.nl\/wp-content\/uploads\/2025\/09\/Zandvoorts-Museum-Open-Dag-2025-2048.jpg\" alt=\"Zandvoorts Museum Tag der offenen T\u00fcr 2025\" width=\"1200\" height=\"800\" srcset=\"https:\/\/zandvoortsmuseum.nl\/wp-content\/uploads\/2025\/09\/Zandvoorts-Museum-Open-Dag-2025-2048.jpg 1200w, https:\/\/zandvoortsmuseum.nl\/wp-content\/uploads\/2025\/09\/Zandvoorts-Museum-Open-Dag-2025-2048-300x200.jpg 300w, https:\/\/zandvoortsmuseum.nl\/wp-content\/uploads\/2025\/09\/Zandvoorts-Museum-Open-Dag-2025-2048-1024x683.jpg 1024w, https:\/\/zandvoortsmuseum.nl\/wp-content\/uploads\/2025\/09\/Zandvoorts-Museum-Open-Dag-2025-2048-768x512.jpg 768w\" sizes=\"(max-width: 1200px) 100vw, 1200px\" \/><\/p>\n","protected":false},"excerpt":{"rendered":"<p>Tag der offenen T\u00fcr Zandvoorts Museum Am 20. September 2025 fand der Tag der offenen T\u00fcr des Zandvoorts Museums statt. Unter gro\u00dfem Interesse wurden die neuen R\u00e4umlichkeiten in der Louis Davidsstraat 19 besucht. Nachfolgend ein Foto-Impression unseres Fotografen Joyce Goverde.<\/p>\n","protected":false},"author":6,"featured_media":4502,"comment_status":"closed","ping_status":"closed","sticky":false,"template":"","format":"standard","meta":{"_acf_changed":false,"inline_featured_image":false,"footnotes":""},"categories":[102],"tags":[140,139],"class_list":["post-4492","post","type-post","status-publish","format-standard","has-post-thumbnail","hentry","category-nachrichten","tag-tag-der-offenen-tur","tag-tag-der-offenen-tur-zandvoorts-museum"],"acf":[],"yoast_head":"<!-- This site is optimized with the Yoast SEO plugin v27.3 - https:\/\/yoast.com\/product\/yoast-seo-wordpress\/ -->\n<title>Tag der offenen T\u00fcr Zandvoorts Museum - Zandvoorts Museum<\/title>\n<meta name=\"description\" content=\"Am 20. September fand der Tag der offenen T\u00fcr im Zandvoorts Museum statt. Das Museum wurde mehr als 200 Mal besucht.\" \/>\n<meta name=\"robots\" content=\"index, follow, max-snippet:-1, max-image-preview:large, max-video-preview:-1\" \/>\n<link rel=\"canonical\" href=\"https:\/\/zandvoortsmuseum.nl\/de\/2025\/09\/21\/tag-der-offenen-tuer-zandvoorts-museum\/\" \/>\n<meta property=\"og:locale\" content=\"de_DE\" \/>\n<meta property=\"og:type\" content=\"article\" \/>\n<meta property=\"og:title\" content=\"Tag der offenen T\u00fcr Zandvoorts Museum - Zandvoorts Museum\" \/>\n<meta property=\"og:description\" content=\"Am 20. September fand der Tag der offenen T\u00fcr im Zandvoorts Museum statt. Das Museum wurde mehr als 200 Mal besucht.\" \/>\n<meta property=\"og:url\" content=\"https:\/\/zandvoortsmuseum.nl\/de\/2025\/09\/21\/tag-der-offenen-tuer-zandvoorts-museum\/\" \/>\n<meta property=\"og:site_name\" content=\"Zandvoorts Museum\" \/>\n<meta property=\"article:publisher\" content=\"https:\/\/www.facebook.com\/MuseumZandvoort\" \/>\n<meta property=\"article:published_time\" content=\"2025-09-21T11:08:04+00:00\" \/>\n<meta property=\"og:image\" content=\"https:\/\/zandvoortsmuseum.nl\/wp-content\/uploads\/2025\/09\/Zandvoorts-Museum-Open-Dag-2025-1913.jpg\" \/>\n\t<meta property=\"og:image:width\" content=\"1200\" \/>\n\t<meta property=\"og:image:height\" content=\"800\" \/>\n\t<meta property=\"og:image:type\" content=\"image\/jpeg\" \/>\n<meta name=\"author\" content=\"marketing\" \/>\n<meta name=\"twitter:card\" content=\"summary_large_image\" \/>\n<meta name=\"twitter:label1\" content=\"Verfasst von\" \/>\n\t<meta name=\"twitter:data1\" content=\"marketing\" \/>\n<script type=\"application\/ld+json\" class=\"yoast-schema-graph\">{\"@context\":\"https:\\\/\\\/schema.org\",\"@graph\":[{\"@type\":\"Article\",\"@id\":\"https:\\\/\\\/zandvoortsmuseum.nl\\\/de\\\/2025\\\/09\\\/21\\\/tag-der-offenen-tuer-zandvoorts-museum\\\/#article\",\"isPartOf\":{\"@id\":\"https:\\\/\\\/zandvoortsmuseum.nl\\\/de\\\/2025\\\/09\\\/21\\\/tag-der-offenen-tuer-zandvoorts-museum\\\/\"},\"author\":{\"name\":\"marketing\",\"@id\":\"https:\\\/\\\/zandvoortsmuseum.nl\\\/de\\\/#\\\/schema\\\/person\\\/97f3ec5c255747da82629fb0f67d5342\"},\"headline\":\"Tag der offenen T\u00fcr Zandvoorts Museum\",\"datePublished\":\"2025-09-21T11:08:04+00:00\",\"mainEntityOfPage\":{\"@id\":\"https:\\\/\\\/zandvoortsmuseum.nl\\\/de\\\/2025\\\/09\\\/21\\\/tag-der-offenen-tuer-zandvoorts-museum\\\/\"},\"wordCount\":48,\"publisher\":{\"@id\":\"https:\\\/\\\/zandvoortsmuseum.nl\\\/de\\\/#organization\"},\"image\":{\"@id\":\"https:\\\/\\\/zandvoortsmuseum.nl\\\/de\\\/2025\\\/09\\\/21\\\/tag-der-offenen-tuer-zandvoorts-museum\\\/#primaryimage\"},\"thumbnailUrl\":\"https:\\\/\\\/zandvoortsmuseum.nl\\\/wp-content\\\/uploads\\\/2025\\\/09\\\/Zandvoorts-Museum-Open-Dag-2025-1913.jpg\",\"keywords\":[\"Tag der offenen T\u00fcr\",\"Tag der offenen T\u00fcr Zandvoorts Museum\"],\"articleSection\":[\"Nachrichten\"],\"inLanguage\":\"de\"},{\"@type\":\"WebPage\",\"@id\":\"https:\\\/\\\/zandvoortsmuseum.nl\\\/de\\\/2025\\\/09\\\/21\\\/tag-der-offenen-tuer-zandvoorts-museum\\\/\",\"url\":\"https:\\\/\\\/zandvoortsmuseum.nl\\\/de\\\/2025\\\/09\\\/21\\\/tag-der-offenen-tuer-zandvoorts-museum\\\/\",\"name\":\"Tag der offenen T\u00fcr Zandvoorts Museum - Zandvoorts Museum\",\"isPartOf\":{\"@id\":\"https:\\\/\\\/zandvoortsmuseum.nl\\\/de\\\/#website\"},\"primaryImageOfPage\":{\"@id\":\"https:\\\/\\\/zandvoortsmuseum.nl\\\/de\\\/2025\\\/09\\\/21\\\/tag-der-offenen-tuer-zandvoorts-museum\\\/#primaryimage\"},\"image\":{\"@id\":\"https:\\\/\\\/zandvoortsmuseum.nl\\\/de\\\/2025\\\/09\\\/21\\\/tag-der-offenen-tuer-zandvoorts-museum\\\/#primaryimage\"},\"thumbnailUrl\":\"https:\\\/\\\/zandvoortsmuseum.nl\\\/wp-content\\\/uploads\\\/2025\\\/09\\\/Zandvoorts-Museum-Open-Dag-2025-1913.jpg\",\"datePublished\":\"2025-09-21T11:08:04+00:00\",\"description\":\"Am 20. September fand der Tag der offenen T\u00fcr im Zandvoorts Museum statt. Das Museum wurde mehr als 200 Mal besucht.\",\"breadcrumb\":{\"@id\":\"https:\\\/\\\/zandvoortsmuseum.nl\\\/de\\\/2025\\\/09\\\/21\\\/tag-der-offenen-tuer-zandvoorts-museum\\\/#breadcrumb\"},\"inLanguage\":\"de\",\"potentialAction\":[{\"@type\":\"ReadAction\",\"target\":[\"https:\\\/\\\/zandvoortsmuseum.nl\\\/de\\\/2025\\\/09\\\/21\\\/tag-der-offenen-tuer-zandvoorts-museum\\\/\"]}]},{\"@type\":\"ImageObject\",\"inLanguage\":\"de\",\"@id\":\"https:\\\/\\\/zandvoortsmuseum.nl\\\/de\\\/2025\\\/09\\\/21\\\/tag-der-offenen-tuer-zandvoorts-museum\\\/#primaryimage\",\"url\":\"https:\\\/\\\/zandvoortsmuseum.nl\\\/wp-content\\\/uploads\\\/2025\\\/09\\\/Zandvoorts-Museum-Open-Dag-2025-1913.jpg\",\"contentUrl\":\"https:\\\/\\\/zandvoortsmuseum.nl\\\/wp-content\\\/uploads\\\/2025\\\/09\\\/Zandvoorts-Museum-Open-Dag-2025-1913.jpg\",\"width\":1200,\"height\":800,\"caption\":\"Zandvoorts Museum Tag der offenen T\u00fcr 2025\"},{\"@type\":\"BreadcrumbList\",\"@id\":\"https:\\\/\\\/zandvoortsmuseum.nl\\\/de\\\/2025\\\/09\\\/21\\\/tag-der-offenen-tuer-zandvoorts-museum\\\/#breadcrumb\",\"itemListElement\":[{\"@type\":\"ListItem\",\"position\":1,\"name\":\"Home\",\"item\":\"https:\\\/\\\/zandvoortsmuseum.nl\\\/de\\\/\"},{\"@type\":\"ListItem\",\"position\":2,\"name\":\"Tag der offenen T\u00fcr Zandvoorts Museum\"}]},{\"@type\":\"WebSite\",\"@id\":\"https:\\\/\\\/zandvoortsmuseum.nl\\\/de\\\/#website\",\"url\":\"https:\\\/\\\/zandvoortsmuseum.nl\\\/de\\\/\",\"name\":\"Zandvoorts Museum\",\"description\":\"H\u00e9t centrum voor kunst en geschiedenis in Zandvoort.\",\"publisher\":{\"@id\":\"https:\\\/\\\/zandvoortsmuseum.nl\\\/de\\\/#organization\"},\"alternateName\":\"H\u00e9t centrum voor kunst en geschiedenis in Zandvoort\",\"potentialAction\":[{\"@type\":\"SearchAction\",\"target\":{\"@type\":\"EntryPoint\",\"urlTemplate\":\"https:\\\/\\\/zandvoortsmuseum.nl\\\/de\\\/?s={search_term_string}\"},\"query-input\":{\"@type\":\"PropertyValueSpecification\",\"valueRequired\":true,\"valueName\":\"search_term_string\"}}],\"inLanguage\":\"de\"},{\"@type\":\"Organization\",\"@id\":\"https:\\\/\\\/zandvoortsmuseum.nl\\\/de\\\/#organization\",\"name\":\"Zandvoorts Museum\",\"url\":\"https:\\\/\\\/zandvoortsmuseum.nl\\\/de\\\/\",\"logo\":{\"@type\":\"ImageObject\",\"inLanguage\":\"de\",\"@id\":\"https:\\\/\\\/zandvoortsmuseum.nl\\\/de\\\/#\\\/schema\\\/logo\\\/image\\\/\",\"url\":\"https:\\\/\\\/zandvoortsmuseum.nl\\\/wp-content\\\/uploads\\\/2025\\\/08\\\/Zandvoorts-Museum-Logo-zw-min.svg\",\"contentUrl\":\"https:\\\/\\\/zandvoortsmuseum.nl\\\/wp-content\\\/uploads\\\/2025\\\/08\\\/Zandvoorts-Museum-Logo-zw-min.svg\",\"width\":1847,\"height\":412,\"caption\":\"Zandvoorts Museum\"},\"image\":{\"@id\":\"https:\\\/\\\/zandvoortsmuseum.nl\\\/de\\\/#\\\/schema\\\/logo\\\/image\\\/\"},\"sameAs\":[\"https:\\\/\\\/www.facebook.com\\\/MuseumZandvoort\",\"https:\\\/\\\/www.instagram.com\\\/zandvoortsmuseum\\\/\"]},{\"@type\":\"Person\",\"@id\":\"https:\\\/\\\/zandvoortsmuseum.nl\\\/de\\\/#\\\/schema\\\/person\\\/97f3ec5c255747da82629fb0f67d5342\",\"name\":\"marketing\",\"image\":{\"@type\":\"ImageObject\",\"inLanguage\":\"de\",\"@id\":\"https:\\\/\\\/secure.gravatar.com\\\/avatar\\\/62f77f5dd9781161b554332fbd7727c692636cd06ba2ead865ee2a6602c737e0?s=96&r=g\",\"url\":\"https:\\\/\\\/secure.gravatar.com\\\/avatar\\\/62f77f5dd9781161b554332fbd7727c692636cd06ba2ead865ee2a6602c737e0?s=96&r=g\",\"contentUrl\":\"https:\\\/\\\/secure.gravatar.com\\\/avatar\\\/62f77f5dd9781161b554332fbd7727c692636cd06ba2ead865ee2a6602c737e0?s=96&r=g\",\"caption\":\"marketing\"}}]}<\/script>\n<!-- \/ Yoast SEO plugin. -->","yoast_head_json":{"title":"Tag der offenen T\u00fcr Zandvoorts Museum - Zandvoorts Museum","description":"Am 20. September fand der Tag der offenen T\u00fcr im Zandvoorts Museum statt. Das Museum wurde mehr als 200 Mal besucht.","robots":{"index":"index","follow":"follow","max-snippet":"max-snippet:-1","max-image-preview":"max-image-preview:large","max-video-preview":"max-video-preview:-1"},"canonical":"https:\/\/zandvoortsmuseum.nl\/de\/2025\/09\/21\/tag-der-offenen-tuer-zandvoorts-museum\/","og_locale":"de_DE","og_type":"article","og_title":"Tag der offenen T\u00fcr Zandvoorts Museum - Zandvoorts Museum","og_description":"Am 20. September fand der Tag der offenen T\u00fcr im Zandvoorts Museum statt. Das Museum wurde mehr als 200 Mal besucht.","og_url":"https:\/\/zandvoortsmuseum.nl\/de\/2025\/09\/21\/tag-der-offenen-tuer-zandvoorts-museum\/","og_site_name":"Zandvoorts Museum","article_publisher":"https:\/\/www.facebook.com\/MuseumZandvoort","article_published_time":"2025-09-21T11:08:04+00:00","og_image":[{"width":1200,"height":800,"url":"https:\/\/zandvoortsmuseum.nl\/wp-content\/uploads\/2025\/09\/Zandvoorts-Museum-Open-Dag-2025-1913.jpg","type":"image\/jpeg"}],"author":"marketing","twitter_card":"summary_large_image","twitter_misc":{"Verfasst von":"marketing"},"schema":{"@context":"https:\/\/schema.org","@graph":[{"@type":"Article","@id":"https:\/\/zandvoortsmuseum.nl\/de\/2025\/09\/21\/tag-der-offenen-tuer-zandvoorts-museum\/#article","isPartOf":{"@id":"https:\/\/zandvoortsmuseum.nl\/de\/2025\/09\/21\/tag-der-offenen-tuer-zandvoorts-museum\/"},"author":{"name":"marketing","@id":"https:\/\/zandvoortsmuseum.nl\/de\/#\/schema\/person\/97f3ec5c255747da82629fb0f67d5342"},"headline":"Tag der offenen T\u00fcr Zandvoorts Museum","datePublished":"2025-09-21T11:08:04+00:00","mainEntityOfPage":{"@id":"https:\/\/zandvoortsmuseum.nl\/de\/2025\/09\/21\/tag-der-offenen-tuer-zandvoorts-museum\/"},"wordCount":48,"publisher":{"@id":"https:\/\/zandvoortsmuseum.nl\/de\/#organization"},"image":{"@id":"https:\/\/zandvoortsmuseum.nl\/de\/2025\/09\/21\/tag-der-offenen-tuer-zandvoorts-museum\/#primaryimage"},"thumbnailUrl":"https:\/\/zandvoortsmuseum.nl\/wp-content\/uploads\/2025\/09\/Zandvoorts-Museum-Open-Dag-2025-1913.jpg","keywords":["Tag der offenen T\u00fcr","Tag der offenen T\u00fcr Zandvoorts Museum"],"articleSection":["Nachrichten"],"inLanguage":"de"},{"@type":"WebPage","@id":"https:\/\/zandvoortsmuseum.nl\/de\/2025\/09\/21\/tag-der-offenen-tuer-zandvoorts-museum\/","url":"https:\/\/zandvoortsmuseum.nl\/de\/2025\/09\/21\/tag-der-offenen-tuer-zandvoorts-museum\/","name":"Tag der offenen T\u00fcr Zandvoorts Museum - Zandvoorts Museum","isPartOf":{"@id":"https:\/\/zandvoortsmuseum.nl\/de\/#website"},"primaryImageOfPage":{"@id":"https:\/\/zandvoortsmuseum.nl\/de\/2025\/09\/21\/tag-der-offenen-tuer-zandvoorts-museum\/#primaryimage"},"image":{"@id":"https:\/\/zandvoortsmuseum.nl\/de\/2025\/09\/21\/tag-der-offenen-tuer-zandvoorts-museum\/#primaryimage"},"thumbnailUrl":"https:\/\/zandvoortsmuseum.nl\/wp-content\/uploads\/2025\/09\/Zandvoorts-Museum-Open-Dag-2025-1913.jpg","datePublished":"2025-09-21T11:08:04+00:00","description":"Am 20. September fand der Tag der offenen T\u00fcr im Zandvoorts Museum statt. Das Museum wurde mehr als 200 Mal besucht.","breadcrumb":{"@id":"https:\/\/zandvoortsmuseum.nl\/de\/2025\/09\/21\/tag-der-offenen-tuer-zandvoorts-museum\/#breadcrumb"},"inLanguage":"de","potentialAction":[{"@type":"ReadAction","target":["https:\/\/zandvoortsmuseum.nl\/de\/2025\/09\/21\/tag-der-offenen-tuer-zandvoorts-museum\/"]}]},{"@type":"ImageObject","inLanguage":"de","@id":"https:\/\/zandvoortsmuseum.nl\/de\/2025\/09\/21\/tag-der-offenen-tuer-zandvoorts-museum\/#primaryimage","url":"https:\/\/zandvoortsmuseum.nl\/wp-content\/uploads\/2025\/09\/Zandvoorts-Museum-Open-Dag-2025-1913.jpg","contentUrl":"https:\/\/zandvoortsmuseum.nl\/wp-content\/uploads\/2025\/09\/Zandvoorts-Museum-Open-Dag-2025-1913.jpg","width":1200,"height":800,"caption":"Zandvoorts Museum Tag der offenen T\u00fcr 2025"},{"@type":"BreadcrumbList","@id":"https:\/\/zandvoortsmuseum.nl\/de\/2025\/09\/21\/tag-der-offenen-tuer-zandvoorts-museum\/#breadcrumb","itemListElement":[{"@type":"ListItem","position":1,"name":"Home","item":"https:\/\/zandvoortsmuseum.nl\/de\/"},{"@type":"ListItem","position":2,"name":"Tag der offenen T\u00fcr Zandvoorts Museum"}]},{"@type":"WebSite","@id":"https:\/\/zandvoortsmuseum.nl\/de\/#website","url":"https:\/\/zandvoortsmuseum.nl\/de\/","name":"Zandvoorts Museum","description":"H\u00e9t centrum voor kunst en geschiedenis in Zandvoort.","publisher":{"@id":"https:\/\/zandvoortsmuseum.nl\/de\/#organization"},"alternateName":"H\u00e9t centrum voor kunst en geschiedenis in Zandvoort","potentialAction":[{"@type":"SearchAction","target":{"@type":"EntryPoint","urlTemplate":"https:\/\/zandvoortsmuseum.nl\/de\/?s={search_term_string}"},"query-input":{"@type":"PropertyValueSpecification","valueRequired":true,"valueName":"search_term_string"}}],"inLanguage":"de"},{"@type":"Organization","@id":"https:\/\/zandvoortsmuseum.nl\/de\/#organization","name":"Zandvoorts Museum","url":"https:\/\/zandvoortsmuseum.nl\/de\/","logo":{"@type":"ImageObject","inLanguage":"de","@id":"https:\/\/zandvoortsmuseum.nl\/de\/#\/schema\/logo\/image\/","url":"https:\/\/zandvoortsmuseum.nl\/wp-content\/uploads\/2025\/08\/Zandvoorts-Museum-Logo-zw-min.svg","contentUrl":"https:\/\/zandvoortsmuseum.nl\/wp-content\/uploads\/2025\/08\/Zandvoorts-Museum-Logo-zw-min.svg","width":1847,"height":412,"caption":"Zandvoorts Museum"},"image":{"@id":"https:\/\/zandvoortsmuseum.nl\/de\/#\/schema\/logo\/image\/"},"sameAs":["https:\/\/www.facebook.com\/MuseumZandvoort","https:\/\/www.instagram.com\/zandvoortsmuseum\/"]},{"@type":"Person","@id":"https:\/\/zandvoortsmuseum.nl\/de\/#\/schema\/person\/97f3ec5c255747da82629fb0f67d5342","name":"marketing","image":{"@type":"ImageObject","inLanguage":"de","@id":"https:\/\/secure.gravatar.com\/avatar\/62f77f5dd9781161b554332fbd7727c692636cd06ba2ead865ee2a6602c737e0?s=96&r=g","url":"https:\/\/secure.gravatar.com\/avatar\/62f77f5dd9781161b554332fbd7727c692636cd06ba2ead865ee2a6602c737e0?s=96&r=g","contentUrl":"https:\/\/secure.gravatar.com\/avatar\/62f77f5dd9781161b554332fbd7727c692636cd06ba2ead865ee2a6602c737e0?s=96&r=g","caption":"marketing"}}]}},"_links":{"self":[{"href":"https:\/\/zandvoortsmuseum.nl\/de\/wp-json\/wp\/v2\/posts\/4492","targetHints":{"allow":["GET"]}}],"collection":[{"href":"https:\/\/zandvoortsmuseum.nl\/de\/wp-json\/wp\/v2\/posts"}],"about":[{"href":"https:\/\/zandvoortsmuseum.nl\/de\/wp-json\/wp\/v2\/types\/post"}],"author":[{"embeddable":true,"href":"https:\/\/zandvoortsmuseum.nl\/de\/wp-json\/wp\/v2\/users\/6"}],"replies":[{"embeddable":true,"href":"https:\/\/zandvoortsmuseum.nl\/de\/wp-json\/wp\/v2\/comments?post=4492"}],"version-history":[{"count":0,"href":"https:\/\/zandvoortsmuseum.nl\/de\/wp-json\/wp\/v2\/posts\/4492\/revisions"}],"wp:featuredmedia":[{"embeddable":true,"href":"https:\/\/zandvoortsmuseum.nl\/de\/wp-json\/wp\/v2\/media\/4502"}],"wp:attachment":[{"href":"https:\/\/zandvoortsmuseum.nl\/de\/wp-json\/wp\/v2\/media?parent=4492"}],"wp:term":[{"taxonomy":"category","embeddable":true,"href":"https:\/\/zandvoortsmuseum.nl\/de\/wp-json\/wp\/v2\/categories?post=4492"},{"taxonomy":"post_tag","embeddable":true,"href":"https:\/\/zandvoortsmuseum.nl\/de\/wp-json\/wp\/v2\/tags?post=4492"}],"curies":[{"name":"wp","href":"https:\/\/api.w.org\/{rel}","templated":true}]}}