{"id":5791,"date":"2026-01-31T00:50:11","date_gmt":"2026-01-30T22:50:11","guid":{"rendered":"https:\/\/zandvoortsmuseum.nl\/2026\/01\/31\/buchpraesentation-200-jahre-badeort\/"},"modified":"2026-01-31T00:50:11","modified_gmt":"2026-01-30T22:50:11","slug":"buchpraesentation-200-jahre-badeort","status":"publish","type":"post","link":"https:\/\/zandvoortsmuseum.nl\/de\/2026\/01\/31\/buchpraesentation-200-jahre-badeort\/","title":{"rendered":"Buchpr\u00e4sentation 200 Jahre Badeort"},"content":{"rendered":"<p>Am 30. Januar fand im Zandvoorts Museum die Buchpr\u00e4sentation des Buches \u201eEn Zandvoort heilig strand is van &#8216;mijn togt het doel&#8217;\u201c statt.<\/p>\n<h1>Buchpr\u00e4sentation<\/h1>\n<figure id=\"attachment_5232\" aria-describedby=\"caption-attachment-5232\" style=\"width: 1920px\" class=\"wp-caption alignnone\"><img fetchpriority=\"high\" decoding=\"async\" class=\"size-full wp-image-5232\" src=\"https:\/\/zandvoortsmuseum.nl\/wp-content\/uploads\/2026\/01\/Boekpresentatie-200-jaar-badplaats.jpg\" alt=\"Buchpr\u00e4sentation 200 Jahre Badeort\" width=\"1920\" height=\"1080\" srcset=\"https:\/\/zandvoortsmuseum.nl\/wp-content\/uploads\/2026\/01\/Boekpresentatie-200-jaar-badplaats.jpg 1920w, https:\/\/zandvoortsmuseum.nl\/wp-content\/uploads\/2026\/01\/Boekpresentatie-200-jaar-badplaats-300x169.jpg 300w, https:\/\/zandvoortsmuseum.nl\/wp-content\/uploads\/2026\/01\/Boekpresentatie-200-jaar-badplaats-1024x576.jpg 1024w, https:\/\/zandvoortsmuseum.nl\/wp-content\/uploads\/2026\/01\/Boekpresentatie-200-jaar-badplaats-768x432.jpg 768w, https:\/\/zandvoortsmuseum.nl\/wp-content\/uploads\/2026\/01\/Boekpresentatie-200-jaar-badplaats-1536x864.jpg 1536w\" sizes=\"(max-width: 1920px) 100vw, 1920px\" \/><figcaption id=\"caption-attachment-5232\" class=\"wp-caption-text\">B\u00fcrgermeister David Moolenburgh er\u00f6ffnete die Buchpr\u00e4sentation und Beigeordneter Gert-Jan Bluijs verlieh Koen Marijt die Ehrennadel der Gemeinde Zandvoort<\/figcaption><\/figure>\n<p>In einem vollbesetzten Museumscaf\u00e9 er\u00f6ffnete B\u00fcrgermeister David Moolenburgh offiziell die Pr\u00e4sentation des Standardwerks \u00fcber die Entstehungsgeschichte unseres Badeortes. Der Forscher Koen Marijt tauchte im Auftrag der Gemeinde Zandvoort tief in die Archive ein. Das Ergebnis? Ein pr\u00e4chtiges Standardwerk, das die Seele von Zandvoort offenlegt. Als Kr\u00f6nung seiner Arbeit erhielt Koen Marijt vom Beigeordneten Gert-Jan Bluijs die Ehrennadel der Gemeinde Zandvoort. Eine wohlverdiente Anerkennung f\u00fcr eine Untersuchung, die die Basis f\u00fcr das 200-j\u00e4hrige Jubil\u00e4um bildet. Er erhielt zudem das erste Exemplar seines Buches.      <\/p>\n<h2>Buch<\/h2>\n<p>Das Buch <em>En Zandvoorts heilig strand is van mijn \u2019togt het doel&#8217;<\/em> ist das Ergebnis der ausf\u00fchrlichen historischen Untersuchung von Koen Marijt \u00fcber die Entstehung des Badeortes Zandvoort. Auf 162 Seiten zeigt diese Publikation zum ersten Mal umfassend, wie sich Zandvoort von einem armseligen Fischerdorf zu einem mond\u00e4nen Badeort wandeln konnte. Das Buch ist reich illustriert mit Originaldokumenten, alten Karten und Gem\u00e4lden.  <\/p>\n<p>&nbsp;<\/p>\n<p><img decoding=\"async\" class=\"alignnone size-full wp-image-4299\" src=\"https:\/\/zandvoortsmuseum.nl\/wp-content\/uploads\/2026\/01\/En-Zandvoorts-heilig-strand-is-mijn-togt-het-doel-cover-HoghRes.jpg\" alt=\"En Zandvoorts Heilig Strand Is Mijn Togt Het Doel Cover HoghRes\" width=\"2480\" height=\"2480\" srcset=\"https:\/\/zandvoortsmuseum.nl\/wp-content\/uploads\/2026\/01\/En-Zandvoorts-heilig-strand-is-mijn-togt-het-doel-cover-HoghRes.jpg 2480w, https:\/\/zandvoortsmuseum.nl\/wp-content\/uploads\/2026\/01\/En-Zandvoorts-heilig-strand-is-mijn-togt-het-doel-cover-HoghRes-300x300.jpg 300w, https:\/\/zandvoortsmuseum.nl\/wp-content\/uploads\/2026\/01\/En-Zandvoorts-heilig-strand-is-mijn-togt-het-doel-cover-HoghRes-1024x1024.jpg 1024w, https:\/\/zandvoortsmuseum.nl\/wp-content\/uploads\/2026\/01\/En-Zandvoorts-heilig-strand-is-mijn-togt-het-doel-cover-HoghRes-150x150.jpg 150w, https:\/\/zandvoortsmuseum.nl\/wp-content\/uploads\/2026\/01\/En-Zandvoorts-heilig-strand-is-mijn-togt-het-doel-cover-HoghRes-768x768.jpg 768w, https:\/\/zandvoortsmuseum.nl\/wp-content\/uploads\/2026\/01\/En-Zandvoorts-heilig-strand-is-mijn-togt-het-doel-cover-HoghRes-1536x1536.jpg 1536w, https:\/\/zandvoortsmuseum.nl\/wp-content\/uploads\/2026\/01\/En-Zandvoorts-heilig-strand-is-mijn-togt-het-doel-cover-HoghRes-2048x2048.jpg 2048w\" sizes=\"(max-width: 2480px) 100vw, 2480px\" \/><br \/>\n<strong>En Zandvoorts heilig strand is van mijn \u2019togt het doel\u2019<\/strong><br \/>\nHistorische Untersuchung zum Bau der Landstra\u00dfe<br \/>\nund des Badehauses in Zandvoort (1825\u20131828)<br \/>\nISBN 978-94-91733-35-2<br \/>\nHardcover<br \/>\n162 Seiten<br \/>\n14,95 \u20ac<\/p>\n<p>Exklusiv erh\u00e4ltlich im Museumsshop des Zandvoorts Museum<\/p>\n","protected":false},"excerpt":{"rendered":"<p>Am 30. Januar fand im Zandvoorts Museum die Buchpr\u00e4sentation des Buches \u201eEn Zandvoort heilig strand is van &#8216;mijn togt het doel&#8217;\u201c statt. Buchpr\u00e4sentation In einem vollbesetzten Museumscaf\u00e9 er\u00f6ffnete B\u00fcrgermeister David Moolenburgh offiziell die Pr\u00e4sentation des Standardwerks \u00fcber die Entstehungsgeschichte unseres Badeortes. Der Forscher Koen Marijt tauchte im Auftrag der Gemeinde Zandvoort tief in die Archive [&hellip;]<\/p>\n","protected":false},"author":6,"featured_media":5230,"comment_status":"closed","ping_status":"closed","sticky":false,"template":"","format":"standard","meta":{"_acf_changed":false,"inline_featured_image":false,"footnotes":""},"categories":[102],"tags":[161,210,163],"class_list":["post-5791","post","type-post","status-publish","format-standard","has-post-thumbnail","hentry","category-nachrichten","tag-buchvorstellung","tag-david-moolenburgh","tag-koen-marijt"],"acf":[],"yoast_head":"<!-- This site is optimized with the Yoast SEO plugin v27.3 - https:\/\/yoast.com\/product\/yoast-seo-wordpress\/ -->\n<title>Buchpr\u00e4sentation 200 Jahre Badeort - Zandvoorts Museum<\/title>\n<meta name=\"description\" content=\"Am 30. Januar fand im Zandvoorts Museum die Buchpr\u00e4sentation des Buches \u201eEn Zandvoort heilig strand is van &#039;mijn togt het doel&#039;\u201c statt.\" \/>\n<meta name=\"robots\" content=\"index, follow, max-snippet:-1, max-image-preview:large, max-video-preview:-1\" \/>\n<link rel=\"canonical\" href=\"https:\/\/zandvoortsmuseum.nl\/de\/2026\/01\/31\/buchpraesentation-200-jahre-badeort\/\" \/>\n<meta property=\"og:locale\" content=\"de_DE\" \/>\n<meta property=\"og:type\" content=\"article\" \/>\n<meta property=\"og:title\" content=\"Buchpr\u00e4sentation 200 Jahre Badeort - Zandvoorts Museum\" \/>\n<meta property=\"og:description\" content=\"Am 30. Januar fand im Zandvoorts Museum die Buchpr\u00e4sentation des Buches \u201eEn Zandvoort heilig strand is van &#039;mijn togt het doel&#039;\u201c statt.\" \/>\n<meta property=\"og:url\" content=\"https:\/\/zandvoortsmuseum.nl\/de\/2026\/01\/31\/buchpraesentation-200-jahre-badeort\/\" \/>\n<meta property=\"og:site_name\" content=\"Zandvoorts Museum\" \/>\n<meta property=\"article:publisher\" content=\"https:\/\/www.facebook.com\/MuseumZandvoort\" \/>\n<meta property=\"article:published_time\" content=\"2026-01-30T22:50:11+00:00\" \/>\n<meta property=\"og:image\" content=\"https:\/\/zandvoortsmuseum.nl\/wp-content\/uploads\/2026\/02\/Boek-En-Zandvoort-heilig-strand-is-van-mijn-togt-het-doel-Spread.jpg\" \/>\n\t<meta property=\"og:image:width\" content=\"1920\" \/>\n\t<meta property=\"og:image:height\" content=\"1080\" \/>\n\t<meta property=\"og:image:type\" content=\"image\/jpeg\" \/>\n<meta name=\"author\" content=\"marketing\" \/>\n<meta name=\"twitter:card\" content=\"summary_large_image\" \/>\n<meta name=\"twitter:label1\" content=\"Verfasst von\" \/>\n\t<meta name=\"twitter:data1\" content=\"marketing\" \/>\n\t<meta name=\"twitter:label2\" content=\"Gesch\u00e4tzte Lesezeit\" \/>\n\t<meta name=\"twitter:data2\" content=\"1\u00a0Minute\" \/>\n<script type=\"application\/ld+json\" class=\"yoast-schema-graph\">{\"@context\":\"https:\\\/\\\/schema.org\",\"@graph\":[{\"@type\":\"Article\",\"@id\":\"https:\\\/\\\/zandvoortsmuseum.nl\\\/de\\\/2026\\\/01\\\/31\\\/buchpraesentation-200-jahre-badeort\\\/#article\",\"isPartOf\":{\"@id\":\"https:\\\/\\\/zandvoortsmuseum.nl\\\/de\\\/2026\\\/01\\\/31\\\/buchpraesentation-200-jahre-badeort\\\/\"},\"author\":{\"name\":\"marketing\",\"@id\":\"https:\\\/\\\/zandvoortsmuseum.nl\\\/de\\\/#\\\/schema\\\/person\\\/97f3ec5c255747da82629fb0f67d5342\"},\"headline\":\"Buchpr\u00e4sentation 200 Jahre Badeort\",\"datePublished\":\"2026-01-30T22:50:11+00:00\",\"mainEntityOfPage\":{\"@id\":\"https:\\\/\\\/zandvoortsmuseum.nl\\\/de\\\/2026\\\/01\\\/31\\\/buchpraesentation-200-jahre-badeort\\\/\"},\"wordCount\":250,\"publisher\":{\"@id\":\"https:\\\/\\\/zandvoortsmuseum.nl\\\/de\\\/#organization\"},\"image\":{\"@id\":\"https:\\\/\\\/zandvoortsmuseum.nl\\\/de\\\/2026\\\/01\\\/31\\\/buchpraesentation-200-jahre-badeort\\\/#primaryimage\"},\"thumbnailUrl\":\"https:\\\/\\\/zandvoortsmuseum.nl\\\/wp-content\\\/uploads\\\/2026\\\/02\\\/Boek-En-Zandvoort-heilig-strand-is-van-mijn-togt-het-doel-Spread.jpg\",\"keywords\":[\"Buchvorstellung\",\"David Moolenburgh\",\"Koen Marijt\"],\"articleSection\":[\"Nachrichten\"],\"inLanguage\":\"de\"},{\"@type\":\"WebPage\",\"@id\":\"https:\\\/\\\/zandvoortsmuseum.nl\\\/de\\\/2026\\\/01\\\/31\\\/buchpraesentation-200-jahre-badeort\\\/\",\"url\":\"https:\\\/\\\/zandvoortsmuseum.nl\\\/de\\\/2026\\\/01\\\/31\\\/buchpraesentation-200-jahre-badeort\\\/\",\"name\":\"Buchpr\u00e4sentation 200 Jahre Badeort - Zandvoorts Museum\",\"isPartOf\":{\"@id\":\"https:\\\/\\\/zandvoortsmuseum.nl\\\/de\\\/#website\"},\"primaryImageOfPage\":{\"@id\":\"https:\\\/\\\/zandvoortsmuseum.nl\\\/de\\\/2026\\\/01\\\/31\\\/buchpraesentation-200-jahre-badeort\\\/#primaryimage\"},\"image\":{\"@id\":\"https:\\\/\\\/zandvoortsmuseum.nl\\\/de\\\/2026\\\/01\\\/31\\\/buchpraesentation-200-jahre-badeort\\\/#primaryimage\"},\"thumbnailUrl\":\"https:\\\/\\\/zandvoortsmuseum.nl\\\/wp-content\\\/uploads\\\/2026\\\/02\\\/Boek-En-Zandvoort-heilig-strand-is-van-mijn-togt-het-doel-Spread.jpg\",\"datePublished\":\"2026-01-30T22:50:11+00:00\",\"description\":\"Am 30. Januar fand im Zandvoorts Museum die Buchpr\u00e4sentation des Buches \u201eEn Zandvoort heilig strand is van 'mijn togt het doel'\u201c statt.\",\"breadcrumb\":{\"@id\":\"https:\\\/\\\/zandvoortsmuseum.nl\\\/de\\\/2026\\\/01\\\/31\\\/buchpraesentation-200-jahre-badeort\\\/#breadcrumb\"},\"inLanguage\":\"de\",\"potentialAction\":[{\"@type\":\"ReadAction\",\"target\":[\"https:\\\/\\\/zandvoortsmuseum.nl\\\/de\\\/2026\\\/01\\\/31\\\/buchpraesentation-200-jahre-badeort\\\/\"]}]},{\"@type\":\"ImageObject\",\"inLanguage\":\"de\",\"@id\":\"https:\\\/\\\/zandvoortsmuseum.nl\\\/de\\\/2026\\\/01\\\/31\\\/buchpraesentation-200-jahre-badeort\\\/#primaryimage\",\"url\":\"https:\\\/\\\/zandvoortsmuseum.nl\\\/wp-content\\\/uploads\\\/2026\\\/02\\\/Boek-En-Zandvoort-heilig-strand-is-van-mijn-togt-het-doel-Spread.jpg\",\"contentUrl\":\"https:\\\/\\\/zandvoortsmuseum.nl\\\/wp-content\\\/uploads\\\/2026\\\/02\\\/Boek-En-Zandvoort-heilig-strand-is-van-mijn-togt-het-doel-Spread.jpg\",\"width\":1920,\"height\":1080,\"caption\":\"Buch En Zandvoort Heilig Strand Is Van Mijn Togt Het Doel Spread\"},{\"@type\":\"BreadcrumbList\",\"@id\":\"https:\\\/\\\/zandvoortsmuseum.nl\\\/de\\\/2026\\\/01\\\/31\\\/buchpraesentation-200-jahre-badeort\\\/#breadcrumb\",\"itemListElement\":[{\"@type\":\"ListItem\",\"position\":1,\"name\":\"Home\",\"item\":\"https:\\\/\\\/zandvoortsmuseum.nl\\\/de\\\/\"},{\"@type\":\"ListItem\",\"position\":2,\"name\":\"Buchpr\u00e4sentation 200 Jahre Badeort\"}]},{\"@type\":\"WebSite\",\"@id\":\"https:\\\/\\\/zandvoortsmuseum.nl\\\/de\\\/#website\",\"url\":\"https:\\\/\\\/zandvoortsmuseum.nl\\\/de\\\/\",\"name\":\"Zandvoorts Museum\",\"description\":\"H\u00e9t centrum voor kunst en geschiedenis in Zandvoort.\",\"publisher\":{\"@id\":\"https:\\\/\\\/zandvoortsmuseum.nl\\\/de\\\/#organization\"},\"alternateName\":\"H\u00e9t centrum voor kunst en geschiedenis in Zandvoort\",\"potentialAction\":[{\"@type\":\"SearchAction\",\"target\":{\"@type\":\"EntryPoint\",\"urlTemplate\":\"https:\\\/\\\/zandvoortsmuseum.nl\\\/de\\\/?s={search_term_string}\"},\"query-input\":{\"@type\":\"PropertyValueSpecification\",\"valueRequired\":true,\"valueName\":\"search_term_string\"}}],\"inLanguage\":\"de\"},{\"@type\":\"Organization\",\"@id\":\"https:\\\/\\\/zandvoortsmuseum.nl\\\/de\\\/#organization\",\"name\":\"Zandvoorts Museum\",\"url\":\"https:\\\/\\\/zandvoortsmuseum.nl\\\/de\\\/\",\"logo\":{\"@type\":\"ImageObject\",\"inLanguage\":\"de\",\"@id\":\"https:\\\/\\\/zandvoortsmuseum.nl\\\/de\\\/#\\\/schema\\\/logo\\\/image\\\/\",\"url\":\"https:\\\/\\\/zandvoortsmuseum.nl\\\/wp-content\\\/uploads\\\/2025\\\/08\\\/Zandvoorts-Museum-Logo-zw-min.svg\",\"contentUrl\":\"https:\\\/\\\/zandvoortsmuseum.nl\\\/wp-content\\\/uploads\\\/2025\\\/08\\\/Zandvoorts-Museum-Logo-zw-min.svg\",\"width\":1847,\"height\":412,\"caption\":\"Zandvoorts Museum\"},\"image\":{\"@id\":\"https:\\\/\\\/zandvoortsmuseum.nl\\\/de\\\/#\\\/schema\\\/logo\\\/image\\\/\"},\"sameAs\":[\"https:\\\/\\\/www.facebook.com\\\/MuseumZandvoort\",\"https:\\\/\\\/www.instagram.com\\\/zandvoortsmuseum\\\/\"]},{\"@type\":\"Person\",\"@id\":\"https:\\\/\\\/zandvoortsmuseum.nl\\\/de\\\/#\\\/schema\\\/person\\\/97f3ec5c255747da82629fb0f67d5342\",\"name\":\"marketing\",\"image\":{\"@type\":\"ImageObject\",\"inLanguage\":\"de\",\"@id\":\"https:\\\/\\\/secure.gravatar.com\\\/avatar\\\/62f77f5dd9781161b554332fbd7727c692636cd06ba2ead865ee2a6602c737e0?s=96&r=g\",\"url\":\"https:\\\/\\\/secure.gravatar.com\\\/avatar\\\/62f77f5dd9781161b554332fbd7727c692636cd06ba2ead865ee2a6602c737e0?s=96&r=g\",\"contentUrl\":\"https:\\\/\\\/secure.gravatar.com\\\/avatar\\\/62f77f5dd9781161b554332fbd7727c692636cd06ba2ead865ee2a6602c737e0?s=96&r=g\",\"caption\":\"marketing\"}}]}<\/script>\n<!-- \/ Yoast SEO plugin. -->","yoast_head_json":{"title":"Buchpr\u00e4sentation 200 Jahre Badeort - Zandvoorts Museum","description":"Am 30. Januar fand im Zandvoorts Museum die Buchpr\u00e4sentation des Buches \u201eEn Zandvoort heilig strand is van 'mijn togt het doel'\u201c statt.","robots":{"index":"index","follow":"follow","max-snippet":"max-snippet:-1","max-image-preview":"max-image-preview:large","max-video-preview":"max-video-preview:-1"},"canonical":"https:\/\/zandvoortsmuseum.nl\/de\/2026\/01\/31\/buchpraesentation-200-jahre-badeort\/","og_locale":"de_DE","og_type":"article","og_title":"Buchpr\u00e4sentation 200 Jahre Badeort - Zandvoorts Museum","og_description":"Am 30. Januar fand im Zandvoorts Museum die Buchpr\u00e4sentation des Buches \u201eEn Zandvoort heilig strand is van 'mijn togt het doel'\u201c statt.","og_url":"https:\/\/zandvoortsmuseum.nl\/de\/2026\/01\/31\/buchpraesentation-200-jahre-badeort\/","og_site_name":"Zandvoorts Museum","article_publisher":"https:\/\/www.facebook.com\/MuseumZandvoort","article_published_time":"2026-01-30T22:50:11+00:00","og_image":[{"width":1920,"height":1080,"url":"https:\/\/zandvoortsmuseum.nl\/wp-content\/uploads\/2026\/02\/Boek-En-Zandvoort-heilig-strand-is-van-mijn-togt-het-doel-Spread.jpg","type":"image\/jpeg"}],"author":"marketing","twitter_card":"summary_large_image","twitter_misc":{"Verfasst von":"marketing","Gesch\u00e4tzte Lesezeit":"1\u00a0Minute"},"schema":{"@context":"https:\/\/schema.org","@graph":[{"@type":"Article","@id":"https:\/\/zandvoortsmuseum.nl\/de\/2026\/01\/31\/buchpraesentation-200-jahre-badeort\/#article","isPartOf":{"@id":"https:\/\/zandvoortsmuseum.nl\/de\/2026\/01\/31\/buchpraesentation-200-jahre-badeort\/"},"author":{"name":"marketing","@id":"https:\/\/zandvoortsmuseum.nl\/de\/#\/schema\/person\/97f3ec5c255747da82629fb0f67d5342"},"headline":"Buchpr\u00e4sentation 200 Jahre Badeort","datePublished":"2026-01-30T22:50:11+00:00","mainEntityOfPage":{"@id":"https:\/\/zandvoortsmuseum.nl\/de\/2026\/01\/31\/buchpraesentation-200-jahre-badeort\/"},"wordCount":250,"publisher":{"@id":"https:\/\/zandvoortsmuseum.nl\/de\/#organization"},"image":{"@id":"https:\/\/zandvoortsmuseum.nl\/de\/2026\/01\/31\/buchpraesentation-200-jahre-badeort\/#primaryimage"},"thumbnailUrl":"https:\/\/zandvoortsmuseum.nl\/wp-content\/uploads\/2026\/02\/Boek-En-Zandvoort-heilig-strand-is-van-mijn-togt-het-doel-Spread.jpg","keywords":["Buchvorstellung","David Moolenburgh","Koen Marijt"],"articleSection":["Nachrichten"],"inLanguage":"de"},{"@type":"WebPage","@id":"https:\/\/zandvoortsmuseum.nl\/de\/2026\/01\/31\/buchpraesentation-200-jahre-badeort\/","url":"https:\/\/zandvoortsmuseum.nl\/de\/2026\/01\/31\/buchpraesentation-200-jahre-badeort\/","name":"Buchpr\u00e4sentation 200 Jahre Badeort - Zandvoorts Museum","isPartOf":{"@id":"https:\/\/zandvoortsmuseum.nl\/de\/#website"},"primaryImageOfPage":{"@id":"https:\/\/zandvoortsmuseum.nl\/de\/2026\/01\/31\/buchpraesentation-200-jahre-badeort\/#primaryimage"},"image":{"@id":"https:\/\/zandvoortsmuseum.nl\/de\/2026\/01\/31\/buchpraesentation-200-jahre-badeort\/#primaryimage"},"thumbnailUrl":"https:\/\/zandvoortsmuseum.nl\/wp-content\/uploads\/2026\/02\/Boek-En-Zandvoort-heilig-strand-is-van-mijn-togt-het-doel-Spread.jpg","datePublished":"2026-01-30T22:50:11+00:00","description":"Am 30. Januar fand im Zandvoorts Museum die Buchpr\u00e4sentation des Buches \u201eEn Zandvoort heilig strand is van 'mijn togt het doel'\u201c statt.","breadcrumb":{"@id":"https:\/\/zandvoortsmuseum.nl\/de\/2026\/01\/31\/buchpraesentation-200-jahre-badeort\/#breadcrumb"},"inLanguage":"de","potentialAction":[{"@type":"ReadAction","target":["https:\/\/zandvoortsmuseum.nl\/de\/2026\/01\/31\/buchpraesentation-200-jahre-badeort\/"]}]},{"@type":"ImageObject","inLanguage":"de","@id":"https:\/\/zandvoortsmuseum.nl\/de\/2026\/01\/31\/buchpraesentation-200-jahre-badeort\/#primaryimage","url":"https:\/\/zandvoortsmuseum.nl\/wp-content\/uploads\/2026\/02\/Boek-En-Zandvoort-heilig-strand-is-van-mijn-togt-het-doel-Spread.jpg","contentUrl":"https:\/\/zandvoortsmuseum.nl\/wp-content\/uploads\/2026\/02\/Boek-En-Zandvoort-heilig-strand-is-van-mijn-togt-het-doel-Spread.jpg","width":1920,"height":1080,"caption":"Buch En Zandvoort Heilig Strand Is Van Mijn Togt Het Doel Spread"},{"@type":"BreadcrumbList","@id":"https:\/\/zandvoortsmuseum.nl\/de\/2026\/01\/31\/buchpraesentation-200-jahre-badeort\/#breadcrumb","itemListElement":[{"@type":"ListItem","position":1,"name":"Home","item":"https:\/\/zandvoortsmuseum.nl\/de\/"},{"@type":"ListItem","position":2,"name":"Buchpr\u00e4sentation 200 Jahre Badeort"}]},{"@type":"WebSite","@id":"https:\/\/zandvoortsmuseum.nl\/de\/#website","url":"https:\/\/zandvoortsmuseum.nl\/de\/","name":"Zandvoorts Museum","description":"H\u00e9t centrum voor kunst en geschiedenis in Zandvoort.","publisher":{"@id":"https:\/\/zandvoortsmuseum.nl\/de\/#organization"},"alternateName":"H\u00e9t centrum voor kunst en geschiedenis in Zandvoort","potentialAction":[{"@type":"SearchAction","target":{"@type":"EntryPoint","urlTemplate":"https:\/\/zandvoortsmuseum.nl\/de\/?s={search_term_string}"},"query-input":{"@type":"PropertyValueSpecification","valueRequired":true,"valueName":"search_term_string"}}],"inLanguage":"de"},{"@type":"Organization","@id":"https:\/\/zandvoortsmuseum.nl\/de\/#organization","name":"Zandvoorts Museum","url":"https:\/\/zandvoortsmuseum.nl\/de\/","logo":{"@type":"ImageObject","inLanguage":"de","@id":"https:\/\/zandvoortsmuseum.nl\/de\/#\/schema\/logo\/image\/","url":"https:\/\/zandvoortsmuseum.nl\/wp-content\/uploads\/2025\/08\/Zandvoorts-Museum-Logo-zw-min.svg","contentUrl":"https:\/\/zandvoortsmuseum.nl\/wp-content\/uploads\/2025\/08\/Zandvoorts-Museum-Logo-zw-min.svg","width":1847,"height":412,"caption":"Zandvoorts Museum"},"image":{"@id":"https:\/\/zandvoortsmuseum.nl\/de\/#\/schema\/logo\/image\/"},"sameAs":["https:\/\/www.facebook.com\/MuseumZandvoort","https:\/\/www.instagram.com\/zandvoortsmuseum\/"]},{"@type":"Person","@id":"https:\/\/zandvoortsmuseum.nl\/de\/#\/schema\/person\/97f3ec5c255747da82629fb0f67d5342","name":"marketing","image":{"@type":"ImageObject","inLanguage":"de","@id":"https:\/\/secure.gravatar.com\/avatar\/62f77f5dd9781161b554332fbd7727c692636cd06ba2ead865ee2a6602c737e0?s=96&r=g","url":"https:\/\/secure.gravatar.com\/avatar\/62f77f5dd9781161b554332fbd7727c692636cd06ba2ead865ee2a6602c737e0?s=96&r=g","contentUrl":"https:\/\/secure.gravatar.com\/avatar\/62f77f5dd9781161b554332fbd7727c692636cd06ba2ead865ee2a6602c737e0?s=96&r=g","caption":"marketing"}}]}},"_links":{"self":[{"href":"https:\/\/zandvoortsmuseum.nl\/de\/wp-json\/wp\/v2\/posts\/5791","targetHints":{"allow":["GET"]}}],"collection":[{"href":"https:\/\/zandvoortsmuseum.nl\/de\/wp-json\/wp\/v2\/posts"}],"about":[{"href":"https:\/\/zandvoortsmuseum.nl\/de\/wp-json\/wp\/v2\/types\/post"}],"author":[{"embeddable":true,"href":"https:\/\/zandvoortsmuseum.nl\/de\/wp-json\/wp\/v2\/users\/6"}],"replies":[{"embeddable":true,"href":"https:\/\/zandvoortsmuseum.nl\/de\/wp-json\/wp\/v2\/comments?post=5791"}],"version-history":[{"count":0,"href":"https:\/\/zandvoortsmuseum.nl\/de\/wp-json\/wp\/v2\/posts\/5791\/revisions"}],"wp:featuredmedia":[{"embeddable":true,"href":"https:\/\/zandvoortsmuseum.nl\/de\/wp-json\/wp\/v2\/media\/5230"}],"wp:attachment":[{"href":"https:\/\/zandvoortsmuseum.nl\/de\/wp-json\/wp\/v2\/media?parent=5791"}],"wp:term":[{"taxonomy":"category","embeddable":true,"href":"https:\/\/zandvoortsmuseum.nl\/de\/wp-json\/wp\/v2\/categories?post=5791"},{"taxonomy":"post_tag","embeddable":true,"href":"https:\/\/zandvoortsmuseum.nl\/de\/wp-json\/wp\/v2\/tags?post=5791"}],"curies":[{"name":"wp","href":"https:\/\/api.w.org\/{rel}","templated":true}]}}